{"id":10106,"date":"2025-04-24T09:48:22","date_gmt":"2025-04-24T07:48:22","guid":{"rendered":"https:\/\/ecc-netitalia.it\/?p=10106"},"modified":"2025-04-24T09:48:25","modified_gmt":"2025-04-24T07:48:25","slug":"airbagdifettosicitroenairbag-difettosi-citroen-dichiarata-ammissibile-lazione-rappresentativa-delle-associazioni-dei-consumatori","status":"publish","type":"post","link":"https:\/\/ecc-netitalia.it\/it\/news\/airbagdifettosicitroenairbag-difettosi-citroen-dichiarata-ammissibile-lazione-rappresentativa-delle-associazioni-dei-consumatori\/","title":{"rendered":"Airbag difettosi Citro\u00ebn: dichiarata ammissibile l\u2019azione rappresentativa delle associazioni dei consumatori!"},"content":{"rendered":"\n<p>Via libera dal <strong>Tribunale di Torino<\/strong> all\u2019<strong>azione rappresentativa <\/strong>di sette associazioni dei consumatori &#8211; <a href=\"https:\/\/adiconsum.it\/citroen-dichiarato-ammissibile-il-ricorso-di-adiconsum\/\" rel=\"noopener\"><strong>tra cui Adiconsum<\/strong><\/a> &#8211; contro <strong>Groupe PSA Italia SPA, Stellantis N.V. e Automobiles Citro\u00ebn SA<\/strong>. \u00a0Al centro della vicenda gli\u00a0<strong>airbag difettosi<\/strong>\u00a0prodotti tra il 2009 e il 2019 dalla giapponese\u00a0Takata\u00a0(fallita nel 2017) e installati sulle Citroen DS3 e C3, che avrebbero creato una condizione di rischio per i conducenti, oltre a disagi legati ai ritardi nella sostituzione dei componenti difettosi.<\/p>\n\n\n\n<p>Una buona notizia per tutti i consumatori coinvolti nel caso degli airbag difettosi, il cui malfunzionamento avrebbe potuto provocare un\u2019esplosione incontrollata in caso di incidente, con <strong>gravi rischi<\/strong> per l\u2019incolumit\u00e0 dei passeggeri. Molti di loro sono rimasti in balia di lunghe liste di attesa per la sostituzione, a causa dell\u2019indisponibilit\u00e0 dei nuovi dispositivi, con l\u2019impossibilit\u00e0 di utilizzare in sicurezza la propria vettura.<\/p>\n\n\n\n<p>Per questo motivo, le associazioni dei consumatori si sono rivolte al&nbsp;Tribunale civile di Torino, che nei giorni scorsi ha depositato un\u2019Ordinanza nella quale ha dichiarato ammissibile l\u2019azione rappresentativa&nbsp;ed ha fissato l\u2019udienza per la prosecuzione del giudizio in data 21.11.2025.<\/p>\n\n\n\n<p><strong>Che cos\u2019\u00e8 e come funziona l\u2019azione rappresentativa?<\/strong><\/p>\n\n\n\n<p>La disciplina delle azioni rappresentative a tutela degli interessi collettivi dei consumatori \u00e8 attualmente contenuta negli articoli 140-ter e seguenti del Codice del consumo, introdotti dal Decreto Legislativo 10 marzo 2023, n. 28, in attuazione della Direttiva (UE) 2020\/1828. L\u2019<strong>obiettivo<\/strong> di tale normativa \u00e8 tutelare i diritti individuali omogenei e gli interessi collettivi dei consumatori e degli utenti.<\/p>\n\n\n\n<p>L\u2019azione rappresentativa \u00e8 uno strumento che consente di ottenere, da parte di associazioni o enti legittimati, <strong>provvedimenti inibitori<\/strong> (per far cessare comportamenti illeciti) o <strong>compensativi<\/strong> (per ottenere il risarcimento dei danni subiti) a fronte di pratiche lesive. Gli altri consumatori interessati possono aderire all\u2019azione gi\u00e0 promossa, senza la necessit\u00e0 di essere assistiti da un avvocato. Questa forma di tutela pu\u00f2 essere attivata in presenza di violazioni gi\u00e0 avvenute o potenziali, e riguarda diversi ambiti di interesse per i consumatori.<\/p>\n\n\n\n<p>Pu\u00f2 essere intentata contro qualsiasi professionista, pubblico o privato, e viene proposta presentando una domanda al tribunale ordinario del capoluogo della regione in cui ha sede l\u2019impresa. Il procedimento si articola in due fasi: ammissibilit\u00e0 dell\u2019azione rappresentativa e decisione nel merito. \u00c8 <strong>bene sapere<\/strong> che l&#8217;adesione all&#8217;azione di classe comporta la rinuncia a qualsiasi azione individuale di restituzione o risarcimento basata sullo stesso problema. Tuttavia, chi non aderisce all&#8217;azione collettiva pu\u00f2 comunque intentare un&#8217;azione individuale. Dopo la scadenza fissata dal giudice, non si possono promuovere nuove azioni collettive sugli stessi fatti. Le rinunce o transazioni non pregiudicano i diritti di chi non ha dato consenso. Questa forma di tutela rafforza la posizione del consumatore, riduce i costi e favorisce uniformit\u00e0 nelle decisioni giudiziarie.<\/p>\n\n\n\n<p><strong>La sicurezza dei prodotti<\/strong><\/p>\n\n\n\n<p>Proprio alla luce di vicende come quella degli airbag difettosi, emerge con ancora maggiore forza l\u2019importanza di un rigoroso rispetto delle norme sulla sicurezza dei prodotti, oggi disciplinate dal <a href=\"https:\/\/eur-lex.europa.eu\/legal-content\/IT\/TXT\/?uri=uriserv%3AOJ.L_.2023.135.01.0001.01.ITA&amp;toc=OJ%3AL%3A2023%3A135%3ATOC\" rel=\"noopener\"><strong>Regolamento (UE) 2023\/988 sulla sicurezza generale dei prodotti<\/strong><\/a> che mira a garantire un elevato livello di tutela dei consumatori e a promuovere condizioni di concorrenza eque tra le imprese, migliorando il funzionamento del mercato interno dell\u2019UE. Le nuove norme \u2013 <a href=\"https:\/\/ecc-netitalia.it\/it\/news\/sicurezzadeiprodottinuove-norme-ue-per-garantire-la-sicurezza-dei-prodotti-di-consumo\/\"><strong>applicabili dal 13 dicembre 2024<\/strong><\/a><strong> <\/strong>&#8211; assicurano che tutti i prodotti di consumo non alimentari immessi sul mercato \u2014 siano essi nuovi, usati, riparati o ricondizionati, venduti online o offline \u2014 siano sicuri per i consumatori. Il regolamento chiarisce gli obblighi a carico delle imprese, contribuendo a creare un quadro normativo pi\u00f9 omogeneo, capace di rispondere sia all\u2019evoluzione digitale dei prodotti, sia alla crescita dell\u2019economia circolare. Viene inoltre rafforzata la vigilanza del mercato e la cooperazione tra Stati membri e operatori economici.<\/p>\n\n\n\n<p>Tra le <strong>principali novit\u00e0<\/strong>, spicca l\u2019introduzione dell\u2019obbligo per i fornitori di mercati online di assumersi la responsabilit\u00e0 per la sicurezza dei prodotti venduti attraverso le loro piattaforme. Gli operatori economici sono inoltre tenuti a garantire la tracciabilit\u00e0 dei prodotti e a informare tempestivamente le autorit\u00e0 competenti e i consumatori in caso di rischi per la sicurezza. Infine, il regolamento interviene sul miglioramento delle procedure di richiamo dei prodotti pericolosi, potenziando il ruolo delle autorit\u00e0 preposte alla vigilanza.<\/p>\n\n\n\n<p><\/p>\n","protected":false},"excerpt":{"rendered":"<p>Via libera dal Tribunale di Torino all\u2019azione rappresentativa di sette associazioni dei consumatori &#8211; tra cui Adiconsum &#8211; contro Groupe PSA Italia SPA, Stellantis N.V. e Automobiles Citro\u00ebn SA. \u00a0Al centro della vicenda gli\u00a0airbag difettosi\u00a0prodotti tra il 2009 e il 2019 dalla giapponese\u00a0Takata\u00a0(fallita nel 2017) e installati sulleCitroen DS3 e C3, che avrebbero creato una condizione di rischio per i conducenti, oltre a disagi legati ai ritardi nella sostituzione dei componenti difettosi.<\/p>\n","protected":false},"author":6,"featured_media":10107,"comment_status":"open","ping_status":"open","sticky":false,"template":"","format":"standard","meta":{"footnotes":""},"categories":[17],"tags":[207],"class_list":["post-10106","post","type-post","status-publish","format-standard","has-post-thumbnail","hentry","category-news","tag-acquisto-beni-e-servizi"],"_links":{"self":[{"href":"https:\/\/ecc-netitalia.it\/it\/wp-json\/wp\/v2\/posts\/10106","targetHints":{"allow":["GET"]}}],"collection":[{"href":"https:\/\/ecc-netitalia.it\/it\/wp-json\/wp\/v2\/posts"}],"about":[{"href":"https:\/\/ecc-netitalia.it\/it\/wp-json\/wp\/v2\/types\/post"}],"author":[{"embeddable":true,"href":"https:\/\/ecc-netitalia.it\/it\/wp-json\/wp\/v2\/users\/6"}],"replies":[{"embeddable":true,"href":"https:\/\/ecc-netitalia.it\/it\/wp-json\/wp\/v2\/comments?post=10106"}],"version-history":[{"count":1,"href":"https:\/\/ecc-netitalia.it\/it\/wp-json\/wp\/v2\/posts\/10106\/revisions"}],"predecessor-version":[{"id":10109,"href":"https:\/\/ecc-netitalia.it\/it\/wp-json\/wp\/v2\/posts\/10106\/revisions\/10109"}],"wp:featuredmedia":[{"embeddable":true,"href":"https:\/\/ecc-netitalia.it\/it\/wp-json\/wp\/v2\/media\/10107"}],"wp:attachment":[{"href":"https:\/\/ecc-netitalia.it\/it\/wp-json\/wp\/v2\/media?parent=10106"}],"wp:term":[{"taxonomy":"category","embeddable":true,"href":"https:\/\/ecc-netitalia.it\/it\/wp-json\/wp\/v2\/categories?post=10106"},{"taxonomy":"post_tag","embeddable":true,"href":"https:\/\/ecc-netitalia.it\/it\/wp-json\/wp\/v2\/tags?post=10106"}],"curies":[{"name":"wp","href":"https:\/\/api.w.org\/{rel}","templated":true}]}}