{"id":1037,"date":"2017-06-06T16:29:53","date_gmt":"2017-06-06T14:29:53","guid":{"rendered":"http:\/\/localhost\/ECCWORDPRESS\/2017\/06\/06\/aperte-le-iscrizioni-al-servizio-civile-nazionale-c-e-un-posto-per-te-anche-presso-il-centro-europeo-consumatori-italia\/"},"modified":"2017-06-06T16:29:53","modified_gmt":"2017-06-06T14:29:53","slug":"aperte-le-iscrizioni-al-servizio-civile-nazionale-c-e-un-posto-per-te-anche-presso-il-centro-europeo-consumatori-italia","status":"publish","type":"post","link":"https:\/\/ecc-netitalia.it\/it\/news\/aperte-le-iscrizioni-al-servizio-civile-nazionale-c-e-un-posto-per-te-anche-presso-il-centro-europeo-consumatori-italia\/","title":{"rendered":"APERTE LE ISCRIZIONI AL SERVIZIO CIVILE NAZIONALE: C\u2019\u00c8 UN POSTO PER TE ANCHE PRESSO IL CENTRO EUROPEO CONSUMATORI ITALIA"},"content":{"rendered":"<p style=\"text-align: justify;\"><span style=\"font-family: arial, helvetica, sans-serif; font-size: 14pt;\"><img fetchpriority=\"high\" decoding=\"async\" class=\" alignright size-full wp-image-1036\" src=\"https:\/\/ecc-netitalia.it\/wp-content\/uploads\/news\/17_giugno_scn_web.jpg\" alt=\"17 giugno scn web\" style=\"margin-bottom: 20px; margin-left: 20px; float: right;\" width=\"435\" height=\"310\" \/>Sei un giovane tra i 18 e i 28 anni? Ti senti un cittadino europeo? Sei interessato ai tuoi diritti di consumatore europeo e vuoi diventare un consumatore consapevole, responsabile, sostenibile con le tue scelte? Il bando \u201cPer un consumerismo giovane\u201d per 5 posti di volontario del Servizio Civile Nazionale lanciato da Adiconsum nazionale, quale ente accreditato, pu\u00f2 fare al caso tuo. Uno dei 5 volontari ammessi, infatti, potr\u00e0 svolgere attivit\u00e0 presso il Centro Europeo Consumatori Italia.&nbsp;<\/span><\/p>\n<p style=\"text-align: justify;\"><span style=\"font-family: arial, helvetica, sans-serif; font-size: 14pt;\">Caratteristiche operative del Servizio Civile Nazionale:<\/span><\/p>\n<ul style=\"text-align: justify;\">\n<li><span style=\"font-family: arial, helvetica, sans-serif; font-size: 14pt;\">Durata: 12 mesi a partire dall\u201911 ottobre 2017<\/span><\/li>\n<li><span style=\"font-family: arial, helvetica, sans-serif; font-size: 14pt;\">Orario di servizio: dal luned\u00ec al venerd\u00ec per 6 ore al giorno per un totale di 30 ore<\/span><\/li>\n<li><span style=\"font-family: arial, helvetica, sans-serif; font-size: 14pt;\">Sede di lavoro: Roma &#8211; Largo Alessandro Vessella 31 (sede di Adiconsum nazionale)<\/span><\/li>\n<li><span style=\"font-family: arial, helvetica, sans-serif; font-size: 14pt;\">Inizio del servizio: 11 ottobre 2017<\/span><\/li>\n<li><span style=\"font-family: arial, helvetica, sans-serif; font-size: 14pt;\">Remunerazione: 433,80 euro\/mese pi\u00f9 buoni pasto offerti da Adiconsum<\/span><\/li>\n<li><span style=\"font-family: arial, helvetica, sans-serif; font-size: 14pt;\">Et\u00e0 compresa tra 18 e 28 anni.<\/span><\/li>\n<\/ul>\n<p style=\"text-align: justify;\"><span style=\"font-family: arial, helvetica, sans-serif; font-size: 14pt;\"><strong>&nbsp;<\/strong><\/span><\/p>\n<p style=\"text-align: center;\"><span style=\"font-family: arial, helvetica, sans-serif; font-size: 14pt;\"><strong>Hai tempo fino a LUNED\u00cc 26 GIUGNO 2017 ALLE ORE 14.00&nbsp;<\/strong><\/span><span style=\"font-family: arial, helvetica, sans-serif; font-size: 14pt;\"><strong>per presentare la tua domanda<\/strong><\/span><\/p>\n<p style=\"text-align: justify;\"><span style=\"font-family: arial, helvetica, sans-serif; font-size: 14pt;\"><strong>&nbsp;<\/strong><\/span><\/p>\n<p style=\"text-align: justify;\"><span style=\"font-family: arial, helvetica, sans-serif; font-size: 14pt;\">Per saperne di pi\u00f9, clicca <a href=\"http:\/\/adiconsum.it\/noi_per_te\/dettaglio.php?id=60\" rel=\"noopener\">qui<\/a><\/span><\/p>\n<p style=\"text-align: justify;\">&nbsp;<\/p>\n<p style=\"text-align: justify;\">&nbsp;<\/p>\n<p style=\"text-align: justify;\">&nbsp;<\/p>\n<p style=\"text-align: justify;\"><span style=\"font-family: arial, helvetica, sans-serif; font-size: 14pt;\"><strong>&nbsp;<\/strong><\/span><\/p>\n","protected":false},"excerpt":{"rendered":"<p>Sei un giovane tra i 18 e i 28 anni? Ti senti un cittadino europeo? Sei interessato ai tuoi diritti di consumatore europeo e vuoi diventare un consumatore consapevole, responsabile, sostenibile con le tue scelte? Il bando \u201cPer un consumerismo giovane\u201d per 5 posti di volontario del Servizio Civile Nazionale lanciato da Adiconsum nazionale, quale [&hellip;]<\/p>\n","protected":false},"author":3,"featured_media":1036,"comment_status":"open","ping_status":"open","sticky":false,"template":"","format":"standard","meta":{"footnotes":""},"categories":[17],"tags":[],"class_list":["post-1037","post","type-post","status-publish","format-standard","has-post-thumbnail","hentry","category-news"],"_links":{"self":[{"href":"https:\/\/ecc-netitalia.it\/it\/wp-json\/wp\/v2\/posts\/1037","targetHints":{"allow":["GET"]}}],"collection":[{"href":"https:\/\/ecc-netitalia.it\/it\/wp-json\/wp\/v2\/posts"}],"about":[{"href":"https:\/\/ecc-netitalia.it\/it\/wp-json\/wp\/v2\/types\/post"}],"author":[{"embeddable":true,"href":"https:\/\/ecc-netitalia.it\/it\/wp-json\/wp\/v2\/users\/3"}],"replies":[{"embeddable":true,"href":"https:\/\/ecc-netitalia.it\/it\/wp-json\/wp\/v2\/comments?post=1037"}],"version-history":[{"count":0,"href":"https:\/\/ecc-netitalia.it\/it\/wp-json\/wp\/v2\/posts\/1037\/revisions"}],"wp:featuredmedia":[{"embeddable":true,"href":"https:\/\/ecc-netitalia.it\/it\/wp-json\/wp\/v2\/media\/1036"}],"wp:attachment":[{"href":"https:\/\/ecc-netitalia.it\/it\/wp-json\/wp\/v2\/media?parent=1037"}],"wp:term":[{"taxonomy":"category","embeddable":true,"href":"https:\/\/ecc-netitalia.it\/it\/wp-json\/wp\/v2\/categories?post=1037"},{"taxonomy":"post_tag","embeddable":true,"href":"https:\/\/ecc-netitalia.it\/it\/wp-json\/wp\/v2\/tags?post=1037"}],"curies":[{"name":"wp","href":"https:\/\/api.w.org\/{rel}","templated":true}]}}