{"id":1117,"date":"2017-10-20T09:30:17","date_gmt":"2017-10-20T07:30:17","guid":{"rendered":"http:\/\/localhost\/ECCWORDPRESS\/2017\/10\/20\/dal-parlamento-europeo-le-prime-anticipazioni-sul-regolamento-privacy-nelle-comunicazioni-elettroniche\/"},"modified":"2017-10-20T09:30:17","modified_gmt":"2017-10-20T07:30:17","slug":"dal-parlamento-europeo-le-prime-anticipazioni-sul-regolamento-privacy-nelle-comunicazioni-elettroniche","status":"publish","type":"post","link":"https:\/\/ecc-netitalia.it\/it\/news\/dal-parlamento-europeo-le-prime-anticipazioni-sul-regolamento-privacy-nelle-comunicazioni-elettroniche\/","title":{"rendered":"DAL PARLAMENTO EUROPEO LE PRIME ANTICIPAZIONI SUL REGOLAMENTO PRIVACY NELLE COMUNICAZIONI ELETTRONICHE"},"content":{"rendered":"<p style=\"text-align: justify;\"><span style=\"font-family: arial, helvetica, sans-serif; font-size: 14pt;\"><img fetchpriority=\"high\" decoding=\"async\" class=\" alignright size-full wp-image-1116\" src=\"https:\/\/ecc-netitalia.it\/wp-content\/uploads\/news\/privacy_3.jpg\" alt=\"privacy 3\" style=\"margin-bottom: 20px; margin-left: 20px; float: right;\" width=\"435\" height=\"310\" \/><\/span><\/p>\n<p style=\"text-align: justify;\"><span style=\"font-family: arial, helvetica, sans-serif; font-size: 14pt;\">Il 19 ottobre scorso, la Commissione Libert\u00e0 Civili del Parlamento Europeo ha approvato il testo della&nbsp;proposta di Regolamento sulla Privacy nelle Comunicazioni Elettroniche, la cui adozione \u00e8 prevista per il 25 maggio 2018.<\/span><\/p>\n<p style=\"text-align: justify;\"><span style=\"font-family: arial, helvetica, sans-serif; font-size: 14pt;\">Il Regolamento ha lo scopo di aggiornare le disposizioni normative in materia di protezione dei dati personali nelle comunicazioni elettroniche, adeguandole ai recenti sviluppi della tecnologia.<\/span><\/p>\n<p style=\"text-align: justify;\"><span style=\"font-family: arial, helvetica, sans-serif; font-size: 14pt;\">Si tratta quindi di disciplinare e migliorare la tutela dei dati degli utenti dei servizi di comunicazione online, come la posta elettronica, le telefonate via internet (ad esempio Skype), i social network e la ancora pi\u00f9 recente messaggistica istantanea (Whatsapp \u00e8 tra le pi\u00f9 diffuse).<\/span><\/p>\n<p style=\"text-align: justify;\"><span style=\"font-family: arial, helvetica, sans-serif; font-size: 14pt;\">Va considerato, infatti, che l\u2019esprimere ed il condividere nella rete giudizi ed opinioni personali (anche solamente, ad esempio, con un \u201cmi piace\u201d sui social) fornisce una serie infinita di informazioni sul nostro conto e sui nostri contatti interpersonali.<\/span><\/p>\n<p style=\"text-align: justify;\"><span style=\"font-family: arial, helvetica, sans-serif; font-size: 14pt;\">L\u2019attivit\u00e0 online genera, inoltre, i cosiddetti meta-dati, relativi alla data e l\u2019ora della comunicazione, alla sua durata ed al luogo in cui \u00e8 avvenuta la connessione. Questa tipologia di dati rivela, di fatto, le nostre abitudini, i nostri spostamenti, gli orari in cui siamo pi\u00f9 disponibili, quali dei nostri contatti prediligiamo ecc .<\/span><\/p>\n<p style=\"text-align: justify;\"><span style=\"font-family: arial, helvetica, sans-serif; font-size: 14pt;\">Anche la navigazione online, se tracciata attraverso i cookies, origina dati circa i siti web visitati, la frequenza e gli orari delle connessioni, fornendo quindi informazioni circa i nostri gusti, attitudini, bisogni.<\/span><\/p>\n<p style=\"text-align: justify;\"><span style=\"font-family: arial, helvetica, sans-serif; font-size: 14pt;\">Ebbene, tutti questi dati sono preziosissimi per le aziende che intendono profilare gli utenti allo scopo di inviare messaggi promozionali personalizzati.<\/span><\/p>\n<p style=\"text-align: justify;\"><span style=\"font-family: arial, helvetica, sans-serif; font-size: 14pt;\">Il nuovo testo normativo prevede, infatti, l\u2019estensione della protezione ai meta-dati, oltre a mirare al rafforzamento la tutela delle gi\u00e0 esistenti previsioni circa&nbsp;l\u2019uso dei cookies, la prevenzione dello spam, i messaggi indesiderati.<\/span><\/p>\n<p style=\"text-align: justify;\"><span style=\"font-family: arial, helvetica, sans-serif; font-size: 14pt;\">Infatti, la normativa europea vigente gi\u00e0 prevede modalit\u00e0 e condizioni per la raccolta e l\u2019utilizzo dei dati riguardati la tracciabilit\u00e0 delle connessioni, che pu\u00f2 avvenire solo sulla base del consenso dell\u2019utente (geolocalizzaizone consensuale).<\/span><\/p>\n<p style=\"text-align: justify;\"><span style=\"font-family: arial, helvetica, sans-serif; font-size: 14pt;\">Infatti, quando ci connettiamo ad un sito web per la prima volta, ci viene chiesto di dare il nostro consenso all\u2019utilizzo dei cookies.<\/span><\/p>\n<p style=\"text-align: justify;\"><span style=\"font-family: arial, helvetica, sans-serif; font-size: 14pt;\">Circa tale aspetto, ci\u00f2 che va disciplinata \u00e8 la pratica del \u201ccookie wall\u201d, ovvero il muro dei cookies, che consiste nel vietare all\u2019utente di accedere al sito o a parte di esso, qualora il consenso non venga espresso.<\/span><\/p>\n<p style=\"text-align: justify;\"><span style=\"font-family: arial, helvetica, sans-serif; font-size: 14pt;\">Il nuovo Regolamento prevede il divieto di tale pratica, in quanto non \u00e8 lecito inibire l\u2019accesso ad un sito web perch\u00e9 l\u2019utente esercita lecitamente il diritto a non fornire i dati di navigazione.<\/span><\/p>\n<p style=\"text-align: justify;\"><span style=\"font-family: arial, helvetica, sans-serif; font-size: 14pt;\">Inoltre, \u00e8 prevista la semplificazione delle modalit\u00e0 con le quali l\u2019utente potr\u00e0 esprimere, negare o revocare il proprio consenso, ad esempio tramite il setaggio preventivo dei cookies via browser, ovvero tramite l\u2019impostazione preventiva del browser, anzich\u00e9 dover cliccale sui banner di ogni singolo sito.<\/span><\/p>\n<p style=\"text-align: justify;\"><span style=\"font-family: arial, helvetica, sans-serif; font-size: 14pt;\">Ancora, \u00e8 previsto un rafforzamento del diritto dell\u2019utente ad utilizzare il sistema della end-to-end encryption, in base alla quale il testo delle comunicazioni \u00e8 leggibile solo dal mittente e dal destinatario.<\/span><\/p>\n<p style=\"text-align: justify;\"><span style=\"font-family: arial, helvetica, sans-serif; font-size: 14pt;\">Infine, vi \u00e8 stata l\u2019introduzione dell\u2019obbligo per le societ\u00e0 che fanno marketing telefonico, di utilizzare un unico prefisso per identificare le chiamate promozionali.<\/span><\/p>\n<p style=\"text-align: justify;\"><span style=\"font-family: arial, helvetica, sans-serif; font-size: 14pt;\">In generale, sulla base delle nuove disposizioni, le aziende che operano nell\u2019ambito delle comunicazioni elettroniche dovranno essere improntate al principio della privacy by default, cio\u00e8 alla tutela della privacy degli utenti come impostazione predefinita.<\/span><\/p>\n<p style=\"text-align: justify;\"><span style=\"font-family: arial, helvetica, sans-serif; font-size: 14pt;\">Attendiamo, dunque, le fasi successive della procedura di approvazione del Regolamento.<\/span><\/p>\n<p>&nbsp;<\/p>\n<p>&nbsp;<\/p>\n<p>&nbsp;<\/p>\n","protected":false},"excerpt":{"rendered":"<p>Il 19 ottobre scorso, la Commissione Libert\u00e0 Civili del Parlamento Europeo ha approvato il testo della&nbsp;proposta di Regolamento sulla Privacy nelle Comunicazioni Elettroniche, la cui adozione \u00e8 prevista per il 25 maggio 2018. Il Regolamento ha lo scopo di aggiornare le disposizioni normative in materia di protezione dei dati personali nelle comunicazioni elettroniche, adeguandole ai [&hellip;]<\/p>\n","protected":false},"author":3,"featured_media":1116,"comment_status":"open","ping_status":"open","sticky":false,"template":"","format":"standard","meta":{"footnotes":""},"categories":[17],"tags":[],"class_list":["post-1117","post","type-post","status-publish","format-standard","has-post-thumbnail","hentry","category-news"],"_links":{"self":[{"href":"https:\/\/ecc-netitalia.it\/it\/wp-json\/wp\/v2\/posts\/1117","targetHints":{"allow":["GET"]}}],"collection":[{"href":"https:\/\/ecc-netitalia.it\/it\/wp-json\/wp\/v2\/posts"}],"about":[{"href":"https:\/\/ecc-netitalia.it\/it\/wp-json\/wp\/v2\/types\/post"}],"author":[{"embeddable":true,"href":"https:\/\/ecc-netitalia.it\/it\/wp-json\/wp\/v2\/users\/3"}],"replies":[{"embeddable":true,"href":"https:\/\/ecc-netitalia.it\/it\/wp-json\/wp\/v2\/comments?post=1117"}],"version-history":[{"count":0,"href":"https:\/\/ecc-netitalia.it\/it\/wp-json\/wp\/v2\/posts\/1117\/revisions"}],"wp:featuredmedia":[{"embeddable":true,"href":"https:\/\/ecc-netitalia.it\/it\/wp-json\/wp\/v2\/media\/1116"}],"wp:attachment":[{"href":"https:\/\/ecc-netitalia.it\/it\/wp-json\/wp\/v2\/media?parent=1117"}],"wp:term":[{"taxonomy":"category","embeddable":true,"href":"https:\/\/ecc-netitalia.it\/it\/wp-json\/wp\/v2\/categories?post=1117"},{"taxonomy":"post_tag","embeddable":true,"href":"https:\/\/ecc-netitalia.it\/it\/wp-json\/wp\/v2\/tags?post=1117"}],"curies":[{"name":"wp","href":"https:\/\/api.w.org\/{rel}","templated":true}]}}