{"id":1214,"date":"2018-02-09T10:56:12","date_gmt":"2018-02-09T09:56:12","guid":{"rendered":"http:\/\/localhost\/ECCWORDPRESS\/2018\/02\/09\/il-centro-europeo-consumatori-italia-partecipa-a-bit-2018\/"},"modified":"2018-02-09T10:56:12","modified_gmt":"2018-02-09T09:56:12","slug":"il-centro-europeo-consumatori-italia-partecipa-a-bit-2018","status":"publish","type":"post","link":"https:\/\/ecc-netitalia.it\/it\/comunicati-stampa\/il-centro-europeo-consumatori-italia-partecipa-a-bit-2018\/","title":{"rendered":"Il Centro Europeo Consumatori Italia partecipa a BIT 2018"},"content":{"rendered":"<p style=\"text-align: justify;\"><span style=\"font-family: arial, helvetica, sans-serif; font-size: 14pt;\"><strong><img fetchpriority=\"high\" decoding=\"async\" class=\" alignright size-full wp-image-1213\" src=\"https:\/\/ecc-netitalia.it\/wp-content\/uploads\/comunicati-stampa\/img_bit_2018.jpg\" alt=\"img bit 2018\" style=\"margin-bottom: 20px; margin-left: 20px; float: right;\" width=\"435\" height=\"310\" \/>9 febbraio 2018<\/strong>&nbsp;&#8211; Ci sar\u00e0 anche il Centro Europeo Consumatori Italia alla Borsa Internazionale del Turismo 2018, la storica manifestazione dedicata al turismo, che si terr\u00e0 a Milano, Fieramilanocity, dall\u201911 al 13 febbraio.<\/span><\/p>\n<div style=\"text-align: justify;\">\n<p><span style=\"font-family: arial, helvetica, sans-serif; font-size: 14pt;\">\u201c<em>Il turismo rappresenta uno dei maggiori settori a vocazione transfrontaliera, ma \u00e8 anche il settore in cui si registrano il maggior numero di reclami<\/em>\u201d dichiara&nbsp;<strong>Maria Pisan\u00f2<\/strong>, direttore del Centro. \u201c<em>\u00c8, pertanto, necessario sviluppare, promuovere e realizzare una serie di eventi ed azioni volte non solo all\u2019informazione ed alla promozione dei diritti dei viaggiatori, ma anche alla sensibilizzazione dei vari stakeholder sui temi di maggiore problematicit\u00e0. \u00c8 quello che ci proponiamo di fare partecipando ad una tra le pi\u00f9 importanti manifestazioni di settore<\/em>\u201d.&nbsp;<\/span><\/p>\n<p><span style=\"font-family: arial, helvetica, sans-serif; font-size: 14pt;\">Come previsto dal calendario della BIT 2018, la giornata di apertura al pubblico sar\u00e0&nbsp;<strong>domenica 11 febbraio<\/strong>. I visitatori dello stand del Centro Europeo Consumatori Italia riceveranno materiale informativo e gadget ed i consulenti del centro saranno a disposizione per consulenze personalizzate. Le giornate di&nbsp;<strong>luned\u00ec 12 e marted\u00ec 13 febbraio<\/strong>&nbsp;saranno, invece, riservate agli operatori. &nbsp;<\/span><\/p>\n<p><span style=\"font-family: arial, helvetica, sans-serif; font-size: 14pt;\">Per tutti, comunque, l\u2019appuntamento con il Centro Europeo Consumatori Italia sar\u00e0 al&nbsp;<strong>Padiglione 3 \u2013 Stand G 61<\/strong>.<\/span><\/p>\n<p><span style=\"font-family: arial, helvetica, sans-serif; font-size: 14pt;\">Nella giornata di&nbsp;<strong>luned\u00ec 12 febbraio<\/strong>, il Centro Europeo Consumatori Italia e Adiconsum saranno i portavoce dei diritti dei viaggiatori al convegno organizzato da Fiavet, la Federazione italiana Associazioni Imprese Viaggi e Turismo, dal titolo \u201c<strong>Trasporto aereo: problematiche e prospettive<\/strong>\u201d. L\u2019evento si terr\u00e0 dalle ore 12.30 alle ore 14.00, presso la Sala Suite 3..<\/span><br \/><span style=\"font-family: arial, helvetica, sans-serif; font-size: 14pt;\"><\/span><br \/><span style=\"font-family: arial, helvetica, sans-serif; font-size: 14pt;\"><strong>Contatti<\/strong><\/span><br \/><span style=\"font-family: arial, helvetica, sans-serif; font-size: 14pt;\">Il CEC Italia \u00e8 aperto: dal luned\u00ec al gioved\u00ec ore 9.00-13.00 e 14.00-18.00; il venerd\u00ec ore 9.00-13.00<\/span><\/p>\n<\/p><\/div>\n<div style=\"text-align: justify;\"><span style=\"font-family: arial, helvetica, sans-serif; font-size: 14pt;\">Tel.&nbsp;<strong>06.44238090<\/strong><\/span><br \/><span style=\"font-family: arial, helvetica, sans-serif; font-size: 14pt;\">E-mail:&nbsp;<strong><a href=\"mailto:info@ecc-netitalia.it\" target=\"_blank\" rel=\"noopener\">info@ecc-netitalia.it<\/a><\/strong><\/span><br \/><span style=\"font-family: arial, helvetica, sans-serif; font-size: 14pt;\">Sito:&nbsp;<strong>www.&nbsp;<a href=\"http:\/\/ecc-netitalia.it\/\" target=\"_blank\" rel=\"noopener\" data-saferedirecturl=\"https:\/\/www.google.com\/url?hl=it&amp;q=http:\/\/ecc-netitalia.it&amp;source=gmail&amp;ust=1518256275151000&amp;usg=AFQjCNGY25XXTZkOIkpiTcRSvyzNSO9k0w\">ecc-netitalia.it<\/a><\/strong><\/span><\/div>\n<div>&nbsp;<\/div>\n<div>&nbsp;<\/div>\n<div>&nbsp;<\/div>\n","protected":false},"excerpt":{"rendered":"<p>9 febbraio 2018&nbsp;&#8211; Ci sar\u00e0 anche il Centro Europeo Consumatori Italia alla Borsa Internazionale del Turismo 2018, la storica manifestazione dedicata al turismo, che si terr\u00e0 a Milano, Fieramilanocity, dall\u201911 al 13 febbraio. \u201cIl turismo rappresenta uno dei maggiori settori a vocazione transfrontaliera, ma \u00e8 anche il settore in cui si registrano il maggior numero [&hellip;]<\/p>\n","protected":false},"author":3,"featured_media":1213,"comment_status":"open","ping_status":"open","sticky":false,"template":"","format":"standard","meta":{"footnotes":""},"categories":[60],"tags":[],"class_list":["post-1214","post","type-post","status-publish","format-standard","has-post-thumbnail","hentry","category-comunicati-stampa"],"_links":{"self":[{"href":"https:\/\/ecc-netitalia.it\/it\/wp-json\/wp\/v2\/posts\/1214","targetHints":{"allow":["GET"]}}],"collection":[{"href":"https:\/\/ecc-netitalia.it\/it\/wp-json\/wp\/v2\/posts"}],"about":[{"href":"https:\/\/ecc-netitalia.it\/it\/wp-json\/wp\/v2\/types\/post"}],"author":[{"embeddable":true,"href":"https:\/\/ecc-netitalia.it\/it\/wp-json\/wp\/v2\/users\/3"}],"replies":[{"embeddable":true,"href":"https:\/\/ecc-netitalia.it\/it\/wp-json\/wp\/v2\/comments?post=1214"}],"version-history":[{"count":0,"href":"https:\/\/ecc-netitalia.it\/it\/wp-json\/wp\/v2\/posts\/1214\/revisions"}],"wp:featuredmedia":[{"embeddable":true,"href":"https:\/\/ecc-netitalia.it\/it\/wp-json\/wp\/v2\/media\/1213"}],"wp:attachment":[{"href":"https:\/\/ecc-netitalia.it\/it\/wp-json\/wp\/v2\/media?parent=1214"}],"wp:term":[{"taxonomy":"category","embeddable":true,"href":"https:\/\/ecc-netitalia.it\/it\/wp-json\/wp\/v2\/categories?post=1214"},{"taxonomy":"post_tag","embeddable":true,"href":"https:\/\/ecc-netitalia.it\/it\/wp-json\/wp\/v2\/tags?post=1214"}],"curies":[{"name":"wp","href":"https:\/\/api.w.org\/{rel}","templated":true}]}}