{"id":1386,"date":"2019-02-06T15:17:42","date_gmt":"2019-02-06T14:17:42","guid":{"rendered":"http:\/\/localhost\/ECCWORDPRESS\/2019\/02\/06\/compagnia-aerea-germania-in-bancarotta-stop-ai-voli-della-low-cost-tedesca\/"},"modified":"2019-02-06T15:17:42","modified_gmt":"2019-02-06T14:17:42","slug":"compagnia-aerea-germania-in-bancarotta-stop-ai-voli-della-low-cost-tedesca","status":"publish","type":"post","link":"https:\/\/ecc-netitalia.it\/it\/news\/compagnia-aerea-germania-in-bancarotta-stop-ai-voli-della-low-cost-tedesca\/","title":{"rendered":"Compagnia aerea Germania in bancarotta: stop ai voli della low-cost tedesca"},"content":{"rendered":"<p style=\"text-align: justify;\"><span style=\"font-family: arial, helvetica, sans-serif; font-size: 14pt;\"><img fetchpriority=\"high\" decoding=\"async\" class=\" alignright size-full wp-image-1385\" src=\"https:\/\/ecc-netitalia.it\/wp-content\/uploads\/Flickr_InFo.jpg\" alt=\"Flickr InFo\" style=\"margin-bottom: 20px; margin-left: 20px; float: right;\" width=\"435\" height=\"310\" \/>Cessano le operazioni della compagnia aerea tedesca <em>Germania Fluggesellschaft mbH,<\/em> che lo scorso 5 febbraio ha comunicato ufficialmente di aver presentato istanza di fallimento presso il Tribunale distrettuale di Berlino-Charlottenburg. Karsten Balke, CEO della societ\u00e0, ha dichiarato in un comunicato stampa che la compagnia, nonostante gli sforzi profusi, non \u00e8 stata in grado di reperire la liquidit\u00e0 sufficiente per coprire i costi necessari al normale svolgimento dell\u2019attivit\u00e0, quali quelli per il carburante e per le operazioni di manutenzione e rimodernamento degli aeromobili, trovandosi cos\u00ec costretta a dichiarare lo stato d\u2019insolvenza. La <em>Germania<\/em>, low-cost attiva<\/span><\/p>\n<p style=\"text-align: justify;\"><span style=\"font-family: arial, helvetica, sans-serif; font-size: 14pt;\">da pi\u00f9 di 30 anni, trasportava circa 4 milioni di passeggeri all\u2019anno offrendo collegamenti tra ben 18 aeroporti in Europa e circa 60 destinazioni, anche in Nord Africa e Medio Oriente. L\u2019istanza di fallimento, a seguito della quale \u00e8 stato nominato come amministratore provvisorio l\u2019avvocato R\u00fcdiger Wien\u00adberg, riguarda esclusivamente la <em>Germania Fluggesellschaft mbH, <\/em>non anche la svizzera <em>Germania Flug AG<\/em> e la <em>Bulgarian Eagle<\/em>, facenti parte del medesimo gruppo.<\/span><\/p>\n<p style=\"text-align: justify;\"><span style=\"font-family: arial, helvetica, sans-serif; font-size: 14pt;\">I passeggeri che hanno prenotato un volo direttamente con la compagnia <em>Germania <\/em>e che a causa della cessazione delle operazioni non usufruiranno dello stesso (o quanti attendono risarcimenti e indennizzi a seguito di cancellazioni o ritardi) potranno procedere con l\u2019insinuazione al passivo fallimentare non appena saranno resi noti termini e modalit\u00e0. Quanti invece hanno programmato un volo con <em>Germania<\/em> all\u2019interno di un pacchetto turistico, sono invitati a rivolgersi direttamente al tour operator.<\/span><\/p>\n<p style=\"text-align: justify;\"><span style=\"font-family: arial, helvetica, sans-serif; font-size: 14pt;\">In attesa di ulteriori aggiornamenti, che il Centro Europeo Consumatori avr\u00e0 cura di comunicare tempestivamente, le compagnie <a href=\"https:\/\/www.lufthansa.com\/de\/de\/homepage\" target=\"_blank\" rel=\"noopener\">Lufthansa<\/a>, <a href=\"https:\/\/www.eurowings.com\/de\/informieren\/aktuelles-hilfe\/aktuelle-meldungen\/sonderkonditionen-fuer-germania-kunden.html\" target=\"_blank\" rel=\"noopener\">Eurowings<\/a>, <a href=\"https:\/\/www.tuigroup.com\/de-de\/medien\/presseinformationen\/deutschland-meldungen\/2019\/februar\/05_germania\" target=\"_blank\" rel=\"noopener\">Tuifly<\/a>, <a href=\"https:\/\/www.easyjet.com\/de\/hilfe\/vorbereitung-fur-den-flug\/aktuelle-fluginformation\" target=\"_blank\" rel=\"noopener\">Easyjet<\/a> e <a href=\"https:\/\/www.condor.com\/de\/wichtiger-hinweis\/seite-hinweis.jsp\" target=\"_blank\" rel=\"noopener\">Condor<\/a> hanno annunciato che offriranno tariffe vantaggiose e preferenziali per i malcapitati passeggeri della <em>Germania<\/em>: per informazioni pi\u00f9 specifiche, \u00e8 possibile consultare le rispettive pagine web (disponibili cliccando direttamente sui collegamenti nella presente pagina).<\/span><\/p>\n<p>&nbsp;<\/p>\n<p>&nbsp;<\/p>\n","protected":false},"excerpt":{"rendered":"<p>Cessano le operazioni della compagnia aerea tedesca Germania Fluggesellschaft mbH, che lo scorso 5 febbraio ha comunicato ufficialmente di aver presentato istanza di fallimento presso il Tribunale distrettuale di Berlino-Charlottenburg. Karsten Balke, CEO della societ\u00e0, ha dichiarato in un comunicato stampa che la compagnia, nonostante gli sforzi profusi, non \u00e8 stata in grado di reperire [&hellip;]<\/p>\n","protected":false},"author":3,"featured_media":1385,"comment_status":"open","ping_status":"open","sticky":false,"template":"","format":"standard","meta":{"footnotes":""},"categories":[17],"tags":[],"class_list":["post-1386","post","type-post","status-publish","format-standard","has-post-thumbnail","hentry","category-news"],"_links":{"self":[{"href":"https:\/\/ecc-netitalia.it\/it\/wp-json\/wp\/v2\/posts\/1386","targetHints":{"allow":["GET"]}}],"collection":[{"href":"https:\/\/ecc-netitalia.it\/it\/wp-json\/wp\/v2\/posts"}],"about":[{"href":"https:\/\/ecc-netitalia.it\/it\/wp-json\/wp\/v2\/types\/post"}],"author":[{"embeddable":true,"href":"https:\/\/ecc-netitalia.it\/it\/wp-json\/wp\/v2\/users\/3"}],"replies":[{"embeddable":true,"href":"https:\/\/ecc-netitalia.it\/it\/wp-json\/wp\/v2\/comments?post=1386"}],"version-history":[{"count":0,"href":"https:\/\/ecc-netitalia.it\/it\/wp-json\/wp\/v2\/posts\/1386\/revisions"}],"wp:featuredmedia":[{"embeddable":true,"href":"https:\/\/ecc-netitalia.it\/it\/wp-json\/wp\/v2\/media\/1385"}],"wp:attachment":[{"href":"https:\/\/ecc-netitalia.it\/it\/wp-json\/wp\/v2\/media?parent=1386"}],"wp:term":[{"taxonomy":"category","embeddable":true,"href":"https:\/\/ecc-netitalia.it\/it\/wp-json\/wp\/v2\/categories?post=1386"},{"taxonomy":"post_tag","embeddable":true,"href":"https:\/\/ecc-netitalia.it\/it\/wp-json\/wp\/v2\/tags?post=1386"}],"curies":[{"name":"wp","href":"https:\/\/api.w.org\/{rel}","templated":true}]}}