{"id":1545,"date":"2019-11-29T10:11:42","date_gmt":"2019-11-29T09:11:42","guid":{"rendered":"http:\/\/localhost\/ECCWORDPRESS\/2019\/11\/29\/la-tutela-dei-consumatori-europei-al-centro-di-dibattiti-e-conferenze-nel-mese-di-novembre\/"},"modified":"2019-11-29T10:11:42","modified_gmt":"2019-11-29T09:11:42","slug":"la-tutela-dei-consumatori-europei-al-centro-di-dibattiti-e-conferenze-nel-mese-di-novembre","status":"publish","type":"post","link":"https:\/\/ecc-netitalia.it\/it\/news\/la-tutela-dei-consumatori-europei-al-centro-di-dibattiti-e-conferenze-nel-mese-di-novembre\/","title":{"rendered":"La tutela dei consumatori europei al centro di dibattiti e conferenze nel mese di novembre"},"content":{"rendered":"<p style=\"text-align: justify;\"><img fetchpriority=\"high\" decoding=\"async\" class=\" alignright size-full wp-image-1544\" src=\"https:\/\/ecc-netitalia.it\/wp-content\/uploads\/attivita_novembre_image.jpg\" alt=\"attivita novembre image\" width=\"435\" height=\"326\" style=\"margin-bottom: 20px; margin-left: 20px; float: right;\" \/>Il mese appena trascorso \u00e8 stato ricco di eventi di grande interesse per i consumatori dell\u2019Unione: all\u2019alba del quinquennio che vedr\u00e0 protagonisti del panorama europeo una nuova Commissione e un nuovo Parlamento, la rete dei Centri Europei Consumatori si \u00e8 attivata per garantire che le istituzioni, nella loro rinnovata composizione, continuino a porre al centro della loro attivit\u00e0 la tutela dei consumatori, veri protagonisti del mercato unico.<\/p>\n<p style=\"text-align: justify;\">Il 6 novembre i Centri della rete ECC-Net hanno organizzato un dibattito politico sul futuro dei consumatori europei che ha annoverato, nel panel dei relatori, il Commissario per la giustizia, la tutela dei consumatori e l\u2019uguaglianza di genere V\u0115ra Jourov\u00e0 (Commissione Juncker), l\u2019ambasciatore norvegese presso l\u2019UE Rolf Einar Fife, gli euro deputati Pascal Durand e Svenja Hahn, Marie-Paule Benassi, direttore pro tempore direzione generale Giustizia e Consumatori (DG JUST) e Ursula Pachl, vicedirettore generale del BEUC, organizzazione europea dei consumatori. Al centro del dibattito lo sviluppo di un modello di consumo sostenibile e responsabile in Europa che ha stimolato un\u2019attiva partecipazione di tutti i soggetti presenti. L\u2019incontro ha costituito anche l\u2019occasione per il lancio del nuovo <a href=\"https:\/\/www.youtube.com\/watch?v=oG3cniCpmdw&amp;t=4s\" target=\"_blank\" rel=\"noopener\">video<\/a> di presentazione della rete ECC-Net.<\/p>\n<p style=\"text-align: justify;\">Nella prima settimana del mese, si \u00e8 inoltre tenuta a Bruxelles la seconda conferenza annuale dell\u2019European Retail Financial Forum&nbsp;(ERFF) e il quarto meeting tra i Centri della ECC-Net e il BEUC in occasione del quale si \u00e8 discusso sulle priorit\u00e0 in materia di tutela del consumatore e sui programmi per le attivit\u00e0 future. L\u2019incontro ha anche costituito l\u2019occasione per un proficuo e stimolante confronto sull\u2019efficacia della normativa a tutela del consumatore e sulla possibilit\u00e0 di future azioni congiunte per combattere il fenomeno del geoblocking.<\/p>\n<p style=\"text-align: justify;\">Inoltre, presso la Norway House, la rete ECC-Net ha incontrato i rappresentanti di Ecommerce Europe, associazione che riunisce rappresentanti di pi\u00f9 di 100 000 aziende europee di vendita online di beni e servizi e della Swedish Trade Federation, una delle maggiori organizzazioni di importatori, grossisti e rivenditori a livello europeo al fine di instaurare nuove collaborazioni e sinergie a beneficio di consumatori e imprese.<\/p>\n<p style=\"text-align: justify;\">Infine, il 26 novembre, il Centro Europeo Consumatori Italia ha partecipato all\u2019incontro dell\u2019Autorit\u00e0 Garante della Concorrenza e del Mercato con le Associazioni dei Consumatori e degli Utenti, durante il quale il nuovo presidente Roberto Rustichelli ha ribadito l\u2019importanza del ruolo delle associazioni nella tutela dei consumatori e ha rinnovato l\u2019invito a considerare l\u2019Autorit\u00e0 come il principale punto di riferimento e di ascolto.<\/p>\n<p>&nbsp;<\/p>\n<p>&nbsp;<\/p>\n<p>&nbsp;<\/p>\n","protected":false},"excerpt":{"rendered":"<p>Il mese appena trascorso \u00e8 stato ricco di eventi di grande interesse per i consumatori dell\u2019Unione: all\u2019alba del quinquennio che vedr\u00e0 protagonisti del panorama europeo una nuova Commissione e un nuovo Parlamento, la rete dei Centri Europei Consumatori si \u00e8 attivata per garantire che le istituzioni, nella loro rinnovata composizione, continuino a porre al centro [&hellip;]<\/p>\n","protected":false},"author":3,"featured_media":1544,"comment_status":"open","ping_status":"open","sticky":false,"template":"","format":"standard","meta":{"footnotes":""},"categories":[17],"tags":[],"class_list":["post-1545","post","type-post","status-publish","format-standard","has-post-thumbnail","hentry","category-news"],"_links":{"self":[{"href":"https:\/\/ecc-netitalia.it\/it\/wp-json\/wp\/v2\/posts\/1545","targetHints":{"allow":["GET"]}}],"collection":[{"href":"https:\/\/ecc-netitalia.it\/it\/wp-json\/wp\/v2\/posts"}],"about":[{"href":"https:\/\/ecc-netitalia.it\/it\/wp-json\/wp\/v2\/types\/post"}],"author":[{"embeddable":true,"href":"https:\/\/ecc-netitalia.it\/it\/wp-json\/wp\/v2\/users\/3"}],"replies":[{"embeddable":true,"href":"https:\/\/ecc-netitalia.it\/it\/wp-json\/wp\/v2\/comments?post=1545"}],"version-history":[{"count":0,"href":"https:\/\/ecc-netitalia.it\/it\/wp-json\/wp\/v2\/posts\/1545\/revisions"}],"wp:featuredmedia":[{"embeddable":true,"href":"https:\/\/ecc-netitalia.it\/it\/wp-json\/wp\/v2\/media\/1544"}],"wp:attachment":[{"href":"https:\/\/ecc-netitalia.it\/it\/wp-json\/wp\/v2\/media?parent=1545"}],"wp:term":[{"taxonomy":"category","embeddable":true,"href":"https:\/\/ecc-netitalia.it\/it\/wp-json\/wp\/v2\/categories?post=1545"},{"taxonomy":"post_tag","embeddable":true,"href":"https:\/\/ecc-netitalia.it\/it\/wp-json\/wp\/v2\/tags?post=1545"}],"curies":[{"name":"wp","href":"https:\/\/api.w.org\/{rel}","templated":true}]}}