{"id":1551,"date":"2019-12-18T12:28:06","date_gmt":"2019-12-18T11:28:06","guid":{"rendered":"http:\/\/localhost\/ECCWORDPRESS\/2019\/12\/18\/il-centro-europeo-consumatori-italia-atterra-su-instagram\/"},"modified":"2019-12-18T12:28:06","modified_gmt":"2019-12-18T11:28:06","slug":"il-centro-europeo-consumatori-italia-atterra-su-instagram","status":"publish","type":"post","link":"https:\/\/ecc-netitalia.it\/it\/news\/il-centro-europeo-consumatori-italia-atterra-su-instagram\/","title":{"rendered":"Il Centro Europeo Consumatori Italia atterra su Instagram"},"content":{"rendered":"<p style=\"text-align: justify;\"><img fetchpriority=\"high\" decoding=\"async\" class=\" alignright size-full wp-image-1550\" src=\"https:\/\/ecc-netitalia.it\/wp-content\/uploads\/img_lancio_instagram.jpg\" alt=\"img lancio instagram\" width=\"435\" height=\"310\" style=\"margin-bottom: 20px; margin-left: 20px; float: right;\" \/>Il Centro Europeo Consumatori Italia inaugura l\u2019account Instagram: da oggi, 18 dicembre, il Centro diventa pi\u00f9 social e apre anche un profilo Instagram per informare sempre pi\u00f9 consumatori sui propri diritti e sui servizi e attivit\u00e0 del Centro e dell\u2019intera rete dei Centri Europei Consumatori.<\/p>\n<p style=\"text-align: justify;\">Segui <a href=\"https:\/\/www.instagram.com\/ecc.italy\/?hl=it\" target=\"_blank\" rel=\"noopener\">ecc.italy<\/a>!<\/p>\n<p>&nbsp;<\/p>\n<p>&nbsp;<\/p>\n<p>&nbsp;<\/p>\n","protected":false},"excerpt":{"rendered":"<p>Il Centro Europeo Consumatori Italia inaugura l\u2019account Instagram: da oggi, 18 dicembre, il Centro diventa pi\u00f9 social e apre anche un profilo Instagram per informare sempre pi\u00f9 consumatori sui propri diritti e sui servizi e attivit\u00e0 del Centro e dell\u2019intera rete dei Centri Europei Consumatori. Segui ecc.italy! &nbsp; &nbsp; &nbsp;<\/p>\n","protected":false},"author":3,"featured_media":1550,"comment_status":"open","ping_status":"open","sticky":false,"template":"","format":"standard","meta":{"footnotes":""},"categories":[17],"tags":[],"class_list":["post-1551","post","type-post","status-publish","format-standard","has-post-thumbnail","hentry","category-news"],"_links":{"self":[{"href":"https:\/\/ecc-netitalia.it\/it\/wp-json\/wp\/v2\/posts\/1551","targetHints":{"allow":["GET"]}}],"collection":[{"href":"https:\/\/ecc-netitalia.it\/it\/wp-json\/wp\/v2\/posts"}],"about":[{"href":"https:\/\/ecc-netitalia.it\/it\/wp-json\/wp\/v2\/types\/post"}],"author":[{"embeddable":true,"href":"https:\/\/ecc-netitalia.it\/it\/wp-json\/wp\/v2\/users\/3"}],"replies":[{"embeddable":true,"href":"https:\/\/ecc-netitalia.it\/it\/wp-json\/wp\/v2\/comments?post=1551"}],"version-history":[{"count":0,"href":"https:\/\/ecc-netitalia.it\/it\/wp-json\/wp\/v2\/posts\/1551\/revisions"}],"wp:featuredmedia":[{"embeddable":true,"href":"https:\/\/ecc-netitalia.it\/it\/wp-json\/wp\/v2\/media\/1550"}],"wp:attachment":[{"href":"https:\/\/ecc-netitalia.it\/it\/wp-json\/wp\/v2\/media?parent=1551"}],"wp:term":[{"taxonomy":"category","embeddable":true,"href":"https:\/\/ecc-netitalia.it\/it\/wp-json\/wp\/v2\/categories?post=1551"},{"taxonomy":"post_tag","embeddable":true,"href":"https:\/\/ecc-netitalia.it\/it\/wp-json\/wp\/v2\/tags?post=1551"}],"curies":[{"name":"wp","href":"https:\/\/api.w.org\/{rel}","templated":true}]}}