{"id":1614,"date":"2020-01-04T18:11:10","date_gmt":"2020-01-04T17:11:10","guid":{"rendered":"http:\/\/localhost\/ECCWORDPRESS\/2020\/01\/04\/gennaio-2020-newsletter-europa-consumi\/"},"modified":"2020-01-04T18:11:10","modified_gmt":"2020-01-04T17:11:10","slug":"gennaio-2020-newsletter-europa-consumi","status":"publish","type":"post","link":"https:\/\/ecc-netitalia.it\/it\/newsletter\/gennaio-2020-newsletter-europa-consumi\/","title":{"rendered":"Gennaio 2020 &#8211; Newsletter &#8220;Europa Consumi&#8221;"},"content":{"rendered":"<p style=\"text-align: center;\"><img fetchpriority=\"high\" decoding=\"async\" class=\" alignleft size-full wp-image-1560\" src=\"https:\/\/ecc-netitalia.it\/wp-content\/uploads\/Ernest.jpg\" alt=\"Ernest\" width=\"435\" height=\"290\" style=\"margin-right: 20px; margin-bottom: 20px; float: left;\" \/><\/p>\n<p><span style=\"font-size: 14pt;\"><strong>STOP AI VOLI DELLA ERNEST AIRLINES: LICENZA SOSPESA DAL 13 GENNAIO 2020<\/strong><\/span><\/p>\n<p><span style=\"font-size: 10pt;\">L\u2019ENAC, Ente Nazionale per l\u2019Aviazione Civile, ha reso noto, in un comunicato stampa del 29 dicembre scorso, di aver disposto la&#8230;<\/span><\/p>\n<p><span style=\"font-size: 14pt; background-color: #ffbc00; color: #ffffff;\"><a href=\"it\/news-e-pubblicazioni\/news\/884-stop-ai-voli-della-ernest-airlines-licenza-sospesa-dal-13-gennaio-2021\" target=\"_blank\" rel=\"noopener\"><strong style=\"background-color: #ffcc00; color: #ffffff;\"><span style=\"background-color: #ffbc00;\">&nbsp;&nbsp;LEGGI&nbsp;&nbsp;<\/span><\/strong><\/a><a href=\"http:\/\/customer33573.musvc1.net\/e\/t?q=3%3dKU7WK%26D%3d3%26D%3dLS4Q%267%3dT3UKZ%26w%3d8BLrI_0sUp_K3_tqkr_46_0sUp_J8yME.7e3-67v9B3n9s.Av_HiuR_RxAv_HiuR_RxFgMA-7-rKt4n9u3297Fk_1s3cHiuR_RxFgMA_JSsh_ThXKW-pE0Eg-FsKu5y9gH7-Ap5A3vJw-KcDHAqDsLc-24Mg-FsFqHsEc-4s-3i35%266%3doKANeQ.67v%269A%3dW6UQ\" style=\"background-color: #ffbc00;\" rel=\"noopener\"><br \/><\/a><\/span><\/p>\n<p>&nbsp;<\/p>\n<table style=\"width: 100%;\">\n<tbody>\n<tr>\n<td>\n<table style=\"width: 100%;\">\n<tbody>\n<tr>\n<td>&nbsp;<\/td>\n<\/tr>\n<\/tbody>\n<\/table>\n<\/td>\n<\/tr>\n<\/tbody>\n<\/table>\n<hr \/>\n<p>&nbsp;<img decoding=\"async\" class=\" alignleft size-full wp-image-1609\" src=\"https:\/\/ecc-netitalia.it\/wp-content\/uploads\/news\/consumer_protection.jpg\" alt=\"consumer protection\" width=\"435\" height=\"289\" style=\"margin-right: 20px; margin-bottom: 20px; float: left;\" \/><span style=\"font-size: 14pt;\"><strong><strong>STUTELA DEI CONSUMATORI: PI\u00d9 POTERI ALLE AUTORIT\u00c0 NAZIONALI CON IL NUOVO REGOLAMENTO CPC<\/strong><\/strong><\/span><\/p>\n<p><span style=\"font-size: 10pt;\">&#8220;L\u2019Unione Europea dispone delle norme in materia di tutela dei consumatori pi\u00f9 rigide al mondo\u201d: cos\u00ec la Vicepresidente per i valori e la trasparenza V\u011bra Jourov\u00e1 ha celebrato&#8230;<\/span><\/p>\n<p><a href=\"it\/news-e-pubblicazioni\/news\/887-tutela-dei-consumatori-piu-poteri-alle-autorita-nazionali-con-il-nuovo-regolamento-cpc\" target=\"_blank\" rel=\"noopener\"><span style=\"font-size: 14pt; background-color: #ffcc00; color: #ffffff;\"><strong style=\"background-color: #ffcc00; color: #ffffff;\">&nbsp;&nbsp;LEGGI&nbsp;&nbsp;<\/strong><br \/><\/span><\/a><\/p>\n<table style=\"width: 100%;\">\n<tbody>\n<tr>\n<td>\n<table style=\"width: 100%;\">\n<tbody>\n<tr>\n<td>&nbsp;<\/td>\n<\/tr>\n<\/tbody>\n<\/table>\n<\/td>\n<\/tr>\n<\/tbody>\n<\/table>\n<hr \/>\n<p><img decoding=\"async\" class=\" alignleft size-full wp-image-1568\" src=\"https:\/\/ecc-netitalia.it\/wp-content\/uploads\/bookingcom.jpg\" alt=\"bookingcom\" width=\"435\" height=\"290\" style=\"margin-right: 20px; margin-bottom: 20px; float: left;\" \/><\/p>\n<p><strong><span style=\"font-size: 14pt;\"><strong>BOOKING.COM: DA GIUGNO 2020 PI\u00d9 TRASPARENZA NEGLI ANNUNCI GRAZIE ALLA COMMISSIONE UE<\/strong><\/span><\/strong><\/p>\n<p><span style=\"font-size: 10pt;\">\u201cUltima stanza disponibile!\u201d, \u201cApprofitta ora del prezzo scontatissimo!\u201d \u201cPrenota subito, \u00e8 l\u2019ultima camera rimasta\u201d; quante volte, navigando su Booking.com ci si \u00e8&#8230;<\/span><\/p>\n<p><a href=\"it\/news-e-pubblicazioni\/news\/889-booking-com-da-giugno-2020-piu-trasparenza-negli-annunci-grazie-alla-commissione-ue-2\" target=\"_blank\" rel=\"noopener\"><span style=\"font-size: 14pt; color: #ffffff; background-color: #ffcc00;\"><strong style=\"color: #ffffff; background-color: #ffcc00;\">&nbsp;&nbsp;LEGGI&nbsp;&nbsp;<\/strong><br \/><\/span><\/a><\/p>\n<p><strong><span style=\"font-size: 14pt;\"><strong>&nbsp;<\/strong><\/span><\/strong><\/p>\n<table style=\"width: 100%;\">\n<tbody>\n<tr>\n<td>\n<table style=\"width: 100%;\">\n<tbody>\n<tr>\n<td>&nbsp;<\/td>\n<\/tr>\n<\/tbody>\n<\/table>\n<\/td>\n<\/tr>\n<\/tbody>\n<\/table>\n<hr \/>\n<p><img loading=\"lazy\" decoding=\"async\" class=\" alignleft size-full wp-image-1610\" src=\"https:\/\/ecc-netitalia.it\/wp-content\/uploads\/news\/buy_share.jpg\" alt=\"buy share\" width=\"435\" height=\"290\" style=\"margin-right: 20px; margin-bottom: 20px; float: left;\" \/><\/p>\n<p><strong><span style=\"font-size: 14pt;\"><strong>BUY AND SHARE E MANCATA CONSEGNA: L\u2019ANTITRUST ORDINA LA SOSPENSIONE DELLE VENDITE PER SHARAZON.IT, SMART-SHOPPING.IT, GEMSHOP.IT E TEKNOACQUISTI.COM<\/strong><\/span><\/strong><\/p>\n<p><span style=\"font-size: 10pt;\">L\u2019Autorit\u00e0 Garante della Concorrenza e del Mercato, in un comunicato stampa del 23 gennaio 2020, annuncia di aver adottato tre provvedimenti cautelari nei confronti di&#8230;<\/span><\/p>\n<p><a href=\"it\/news-e-pubblicazioni\/news\/890-buy-and-share-e-mancata-consegna-l-antitrust-ordina-la-sospensione-delle-vendite-per-sharazon-it-smart-shopping-it-gemshop-it-e-teknoacquisti-com\" target=\"_blank\" rel=\"noopener\"><span style=\"font-size: 14pt; color: #ffffff; background-color: #ffcc00;\"><strong style=\"color: #ffffff; background-color: #ffcc00;\">&nbsp;&nbsp;LEGGI&nbsp;&nbsp;<\/strong><br \/><\/span><\/a><\/p>\n<p>&nbsp;<\/p>\n<table style=\"width: 100%;\">\n<tbody>\n<tr>\n<td>\n<table style=\"width: 100%;\">\n<tbody>\n<tr>\n<td>&nbsp;<\/td>\n<\/tr>\n<\/tbody>\n<\/table>\n<\/td>\n<\/tr>\n<\/tbody>\n<\/table>\n<hr \/>\n<p><img loading=\"lazy\" decoding=\"async\" class=\" alignleft size-full wp-image-1611\" src=\"https:\/\/ecc-netitalia.it\/wp-content\/uploads\/news\/diritti_passeggeri.jpg\" alt=\"diritti passeggeri\" width=\"435\" height=\"290\" style=\"margin-right: 20px; margin-bottom: 20px; float: left;\" \/><\/p>\n<p><strong><span style=\"font-size: 14pt;\"><strong>I DIRITTI DEI PASSEGGERI, QUESTI SCONOSCIUTI: LA COMMISSIONE UE PUBBLICA I RISULTATI DEL SONDAGGIO EUROBAROMETRO<\/strong><\/span><\/strong><\/p>\n<p><span style=\"font-size: 10pt;\">Solo il 43% dei cittadini dell\u2019UE che negli ultimi dodici mesi hanno viaggiato in aereo, treno, autobus o nave \u00e8 consapevole che la&#8230;<\/span><\/p>\n<p><a href=\"it\/news-e-pubblicazioni\/news\/891-i-viaggiatori-europei-conoscono-poco-i-loro-diritti-la-commissione-ue-pubblica-i-risultati-del-sondaggio-eurobarometro\" target=\"_blank\" rel=\"noopener\"><span style=\"font-size: 14pt; color: #ffffff; background-color: #ffcc00;\"><strong style=\"color: #ffffff; background-color: #ffcc00;\">&nbsp;&nbsp;LEGGI&nbsp;&nbsp;<\/strong><br \/><\/span><\/a><\/p>\n<p><strong><span style=\"font-size: 14pt;\"><strong>&nbsp;<\/strong><\/span><\/strong><\/p>\n<table style=\"width: 100%;\">\n<tbody>\n<tr>\n<td>\n<table style=\"width: 100%;\">\n<tbody>\n<tr>\n<td>&nbsp;<\/td>\n<\/tr>\n<\/tbody>\n<\/table>\n<\/td>\n<\/tr>\n<\/tbody>\n<\/table>\n<table style=\"width: 100%;\">\n<tbody>\n<tr>\n<td>\n<table style=\"width: 100%;\">\n<tbody>\n<tr>\n<td>&nbsp;<\/td>\n<\/tr>\n<\/tbody>\n<\/table>\n<\/td>\n<\/tr>\n<\/tbody>\n<\/table>\n<hr \/>\n<p><img loading=\"lazy\" decoding=\"async\" class=\" alignleft size-full wp-image-1612\" src=\"https:\/\/ecc-netitalia.it\/wp-content\/uploads\/news\/roaming2.jpg\" alt=\"roaming2\" width=\"435\" height=\"299\" style=\"margin-right: 20px; margin-bottom: 20px; float: left;\" \/><\/p>\n<p><strong><span style=\"font-size: 14pt;\"><strong>ROAMING: DOPO L\u2019ABOLIZIONE DEI COSTI AGGIUNTIVI, I VIAGGIATORI UE USANO I DATI MOBILI 10 VOLTE DI PI\u00d9<\/strong><\/span><\/strong><\/p>\n<p><span style=\"font-size: 10pt;\">L\u2019abolizione dei costi di roaming, a far data dal 15 giugno 2017, ha apportato grandi benefici ai viaggiatori europei, che possono, da allora, liberamente utilizzare i propri&#8230;<\/span><\/p>\n<p><a href=\"it\/news-e-pubblicazioni\/news\/892-roaming-dopo-l-abolizione-dei-costi-aggiuntivi-i-viaggiatori-ue-usano-i-dati-mobili-10-volte-di-piu\" target=\"_blank\" rel=\"noopener\"><span style=\"font-size: 14pt; color: #ffffff; background-color: #ffcc00;\"><strong style=\"color: #ffffff; background-color: #ffcc00;\">&nbsp;&nbsp;LEGGI&nbsp;&nbsp;<\/strong><br \/><\/span><\/a><\/p>\n<p><strong><span style=\"font-size: 14pt;\"><strong>&nbsp;<\/strong><\/span><\/strong><\/p>\n<table style=\"width: 100%;\">\n<tbody>\n<tr>\n<td>\n<table style=\"width: 100%;\">\n<tbody>\n<tr>\n<td>&nbsp;<\/td>\n<\/tr>\n<\/tbody>\n<\/table>\n<\/td>\n<\/tr>\n<\/tbody>\n<\/table>\n<table style=\"width: 100%;\">\n<tbody>\n<tr>\n<td>\n<table style=\"width: 100%;\">\n<tbody>\n<tr>\n<td>&nbsp;<\/td>\n<\/tr>\n<\/tbody>\n<\/table>\n<\/td>\n<\/tr>\n<\/tbody>\n<\/table>\n<hr \/>\n<p><img loading=\"lazy\" decoding=\"async\" class=\" alignleft size-full wp-image-1613\" src=\"https:\/\/ecc-netitalia.it\/wp-content\/uploads\/news\/brexit.jpg\" alt=\"brexit\" width=\"435\" height=\"278\" style=\"margin-right: 20px; margin-bottom: 20px; float: left;\" \/><\/p>\n<p><strong><span style=\"font-size: 14pt;\"><strong>BREXIT: DAL 31 GENNAIO IL REGNO UNITO NON SAR\u00c0 PI\u00d9 PARTE DELL\u2019UE. COSA CAMBIA PER I CONSUMATORI?<\/strong><\/span><\/strong><\/p>\n<p><span style=\"font-size: 10pt;\">Con 621 voti a favore, 49 contrari e 13 astensioni, mercoled\u00ec 29 gennaio il Parlamento europeo ha approvato il recesso del Regno Unito dall\u2019Unione europea, che avr\u00e0 luogo formalmente alle&#8230;<\/span><\/p>\n<p><a href=\"it\/news-e-pubblicazioni\/news\/893-brexit-dal-31-gennaio-il-regno-unito-non-sara-piu-parte-dell-ue-cosa-cambia-per-i-consumatori\" target=\"_blank\" rel=\"noopener\"><span style=\"font-size: 14pt; color: #ffffff; background-color: #ffcc00;\"><strong style=\"color: #ffffff; background-color: #ffcc00;\">&nbsp;&nbsp;LEGGI&nbsp;&nbsp;<\/strong><br \/><\/span><\/a><\/p>\n<p><strong><span style=\"font-size: 14pt;\"><strong>&nbsp;<\/strong><\/span><\/strong><\/p>\n<table style=\"width: 100%;\">\n<tbody>\n<tr>\n<td>\n<table style=\"width: 100%;\">\n<tbody>\n<tr>\n<td>&nbsp;<\/td>\n<\/tr>\n<\/tbody>\n<\/table>\n<\/td>\n<\/tr>\n<\/tbody>\n<\/table>\n<p>&nbsp;<\/p>\n","protected":false},"excerpt":{"rendered":"<p>STOP AI VOLI DELLA ERNEST AIRLINES: LICENZA SOSPESA DAL 13 GENNAIO 2020 L\u2019ENAC, Ente Nazionale per l\u2019Aviazione Civile, ha reso noto, in un comunicato stampa del 29 dicembre scorso, di aver disposto la&#8230; &nbsp;&nbsp;LEGGI&nbsp;&nbsp; &nbsp; &nbsp; &nbsp;STUTELA DEI CONSUMATORI: PI\u00d9 POTERI ALLE AUTORIT\u00c0 NAZIONALI CON IL NUOVO REGOLAMENTO CPC &#8220;L\u2019Unione Europea dispone delle norme in [&hellip;]<\/p>\n","protected":false},"author":2,"featured_media":1560,"comment_status":"open","ping_status":"open","sticky":false,"template":"","format":"standard","meta":{"footnotes":""},"categories":[27],"tags":[209],"class_list":["post-1614","post","type-post","status-publish","format-standard","has-post-thumbnail","hentry","category-newsletter","tag-newsletter-2020"],"_links":{"self":[{"href":"https:\/\/ecc-netitalia.it\/it\/wp-json\/wp\/v2\/posts\/1614","targetHints":{"allow":["GET"]}}],"collection":[{"href":"https:\/\/ecc-netitalia.it\/it\/wp-json\/wp\/v2\/posts"}],"about":[{"href":"https:\/\/ecc-netitalia.it\/it\/wp-json\/wp\/v2\/types\/post"}],"author":[{"embeddable":true,"href":"https:\/\/ecc-netitalia.it\/it\/wp-json\/wp\/v2\/users\/2"}],"replies":[{"embeddable":true,"href":"https:\/\/ecc-netitalia.it\/it\/wp-json\/wp\/v2\/comments?post=1614"}],"version-history":[{"count":0,"href":"https:\/\/ecc-netitalia.it\/it\/wp-json\/wp\/v2\/posts\/1614\/revisions"}],"wp:featuredmedia":[{"embeddable":true,"href":"https:\/\/ecc-netitalia.it\/it\/wp-json\/wp\/v2\/media\/1560"}],"wp:attachment":[{"href":"https:\/\/ecc-netitalia.it\/it\/wp-json\/wp\/v2\/media?parent=1614"}],"wp:term":[{"taxonomy":"category","embeddable":true,"href":"https:\/\/ecc-netitalia.it\/it\/wp-json\/wp\/v2\/categories?post=1614"},{"taxonomy":"post_tag","embeddable":true,"href":"https:\/\/ecc-netitalia.it\/it\/wp-json\/wp\/v2\/tags?post=1614"}],"curies":[{"name":"wp","href":"https:\/\/api.w.org\/{rel}","templated":true}]}}