{"id":1622,"date":"2020-03-02T18:11:10","date_gmt":"2020-03-02T17:11:10","guid":{"rendered":"http:\/\/localhost\/ECCWORDPRESS\/2020\/03\/02\/febbraio-2020-newsletter-europa-consumi\/"},"modified":"2020-03-02T18:11:10","modified_gmt":"2020-03-02T17:11:10","slug":"febbraio-2020-newsletter-europa-consumi","status":"publish","type":"post","link":"https:\/\/ecc-netitalia.it\/it\/newsletter\/febbraio-2020-newsletter-europa-consumi\/","title":{"rendered":"Febbraio 2020 &#8211; Newsletter &#8220;Europa Consumi&#8221;"},"content":{"rendered":"<p style=\"text-align: center;\"><img fetchpriority=\"high\" decoding=\"async\" class=\" alignleft size-full wp-image-1618\" src=\"https:\/\/ecc-netitalia.it\/wp-content\/uploads\/news\/coronavirus.jpg\" alt=\"coronavirus\" width=\"435\" height=\"290\" style=\"margin-right: 20px; margin-bottom: 20px; float: left;\" \/><\/p>\n<p><span style=\"font-size: 14pt;\"><strong><strong>CORONAVIRUS E MISURE D\u2019EMERGENZA: QUALI DIRITTI PER I CONSUMATORI?<\/strong><\/strong><\/span><\/p>\n<p><span style=\"font-size: 10pt;\">L\u2019emergenza Coronavirus sta comportando l\u2019adozione, a livello nazionale e internazionale, di diverse misure restrittive della circolazione, che&#8230;<\/span><\/p>\n<p><span style=\"font-size: 14pt; background-color: #ffbc00; color: #ffffff;\"><a href=\"it\/news-e-pubblicazioni\/news\/910-coronavirus-e-misure-d-emergenza-quali-diritti-per-i-consumatori\" target=\"_blank\" rel=\"noopener\"><strong style=\"background-color: #ffcc00; color: #ffffff;\"><span style=\"background-color: #ffbc00;\">&nbsp;&nbsp;LEGGI&nbsp;&nbsp;<\/span><\/strong><\/a><a href=\"http:\/\/customer33573.musvc1.net\/e\/t?q=3%3dKU7WK%26D%3d3%26D%3dLS4Q%267%3dT3UKZ%26w%3d8BLrI_0sUp_K3_tqkr_46_0sUp_J8yME.7e3-67v9B3n9s.Av_HiuR_RxAv_HiuR_RxFgMA-7-rKt4n9u3297Fk_1s3cHiuR_RxFgMA_JSsh_ThXKW-pE0Eg-FsKu5y9gH7-Ap5A3vJw-KcDHAqDsLc-24Mg-FsFqHsEc-4s-3i35%266%3doKANeQ.67v%269A%3dW6UQ\" style=\"background-color: #ffbc00;\" rel=\"noopener\"><br \/><\/a><\/span><\/p>\n<p>&nbsp;<\/p>\n<table style=\"width: 100%;\">\n<tbody>\n<tr>\n<td>\n<table style=\"width: 100%;\">\n<tbody>\n<tr>\n<td>&nbsp;<\/td>\n<\/tr>\n<\/tbody>\n<\/table>\n<\/td>\n<\/tr>\n<\/tbody>\n<\/table>\n<hr \/>\n<p>&nbsp;<img decoding=\"async\" class=\" alignleft size-full wp-image-1619\" src=\"https:\/\/ecc-netitalia.it\/wp-content\/uploads\/news\/risarcimento.jpg\" alt=\"risarcimento\" width=\"435\" height=\"290\" style=\"margin-right: 20px; margin-bottom: 20px; float: left;\" \/><span style=\"font-size: 14pt;\"><strong><strong><strong>RISARCIMENTO PER VOLO CANCELLATO O IN RITARDO: ECCO A QUALI CONDIZIONI DECIDE IL GIUDICE ITALIANO<\/strong><\/strong><\/strong><\/span><\/p>\n<p><span style=\"font-size: 10pt;\">Scoprire, a ridosso della partenza, che il proprio volo \u00e8 in notevole ritardo o \u00e8 stato cancellato, pu\u00f2 causare gravi inconvenienti: l\u2019acquisto di&#8230;<br \/><\/span><\/p>\n<p><a href=\"it\/news-e-pubblicazioni\/news\/909-risarcimento-per-volo-cancellato-o-in-ritardo-ecco-a-quali-condizioni-decide-il-giudice-italiano\" target=\"_blank\" rel=\"noopener\"><span style=\"font-size: 14pt; background-color: #ffcc00; color: #ffffff;\"><strong style=\"background-color: #ffcc00; color: #ffffff;\">&nbsp;&nbsp;LEGGI&nbsp;&nbsp;<\/strong><br \/><\/span><\/a><\/p>\n<table style=\"width: 100%;\">\n<tbody>\n<tr>\n<td>\n<table style=\"width: 100%;\">\n<tbody>\n<tr>\n<td>&nbsp;<\/td>\n<\/tr>\n<\/tbody>\n<\/table>\n<\/td>\n<\/tr>\n<\/tbody>\n<\/table>\n<hr \/>\n<p><img decoding=\"async\" class=\" alignleft size-full wp-image-1620\" src=\"https:\/\/ecc-netitalia.it\/wp-content\/uploads\/news\/ecommerce.jpg\" alt=\"ecommerce\" width=\"435\" height=\"290\" style=\"margin-right: 20px; margin-bottom: 20px; float: left;\" \/><\/p>\n<p><strong><span style=\"font-size: 14pt;\"><strong><strong>E-COMMERCE: DUE TERZI DEI SITI WEB CONTROLLATI DALL\u2019UE NON RISPETTANO I DIRITTI DEI CONSUMATORI<\/strong><\/strong><\/span><\/strong><\/p>\n<p><span style=\"font-size: 10pt;\">La Commissione Europea ha recentemente pubblicato i risultati di un\u2019 indagine a tappeto (la cosiddetta sweep) condotta in 27 stati membri dalle autorit\u00e0 nazionali di tutela&#8230;<\/span><\/p>\n<p><a href=\"it\/news-e-pubblicazioni\/news\/897-e-commerce-due-terzi-dei-siti-web-controllati-dall-ue-non-rispettano-i-diritti-dei-consumatori\" target=\"_blank\" rel=\"noopener\"><span style=\"font-size: 14pt; color: #ffffff; background-color: #ffcc00;\"><strong style=\"color: #ffffff; background-color: #ffcc00;\">&nbsp;&nbsp;LEGGI&nbsp;&nbsp;<\/strong><br \/><\/span><\/a><\/p>\n<p><strong><span style=\"font-size: 14pt;\"><strong>&nbsp;<\/strong><\/span><\/strong><\/p>\n<table style=\"width: 100%;\">\n<tbody>\n<tr>\n<td>\n<table style=\"width: 100%;\">\n<tbody>\n<tr>\n<td>&nbsp;<\/td>\n<\/tr>\n<\/tbody>\n<\/table>\n<\/td>\n<\/tr>\n<\/tbody>\n<\/table>\n<hr \/>\n<p><img loading=\"lazy\" decoding=\"async\" class=\" alignleft size-full wp-image-1621\" src=\"https:\/\/ecc-netitalia.it\/wp-content\/uploads\/news\/air_italy.jpg\" alt=\"air italy\" width=\"435\" height=\"326\" style=\"margin-right: 20px; margin-bottom: 20px; float: left;\" \/><\/p>\n<p><strong><span style=\"font-size: 14pt;\"><strong><strong>AIR ITALY IN LIQUIDAZIONE: DALLA COMPAGNIA TUTTE LE INFO PER CHI HA ACQUISTATO I BIGLIETTI<\/strong><\/strong><\/span><\/strong><\/p>\n<p><span style=\"font-size: 10pt;\">L\u2019assemblea degli azionisti di Air Italy ha deliberato in data 11 febbraio la liquidazione in bonis della societ\u00e0, con l\u2019obiettivo di ridurre quanto pi\u00f9 possibile i disagi per&#8230;<\/span><\/p>\n<p><a href=\"it\/news-e-pubblicazioni\/news\/896-air-italy-in-liquidazione-dalla-compagnia-tutte-le-info-per-chi-ha-acquistato-i-biglietti\" target=\"_blank\" rel=\"noopener\"><span style=\"font-size: 14pt; color: #ffffff; background-color: #ffcc00;\"><strong style=\"color: #ffffff; background-color: #ffcc00;\">&nbsp;&nbsp;LEGGI&nbsp;&nbsp;<\/strong><br \/><\/span><\/a><\/p>\n<p>&nbsp;<\/p>\n<table style=\"width: 100%;\">\n<tbody>\n<tr>\n<td>\n<table style=\"width: 100%;\">\n<tbody>\n<tr>\n<td>&nbsp;<\/td>\n<\/tr>\n<\/tbody>\n<\/table>\n<\/td>\n<\/tr>\n<\/tbody>\n<\/table>\n<p>&nbsp;<\/p>\n","protected":false},"excerpt":{"rendered":"<p>CORONAVIRUS E MISURE D\u2019EMERGENZA: QUALI DIRITTI PER I CONSUMATORI? L\u2019emergenza Coronavirus sta comportando l\u2019adozione, a livello nazionale e internazionale, di diverse misure restrittive della circolazione, che&#8230; &nbsp;&nbsp;LEGGI&nbsp;&nbsp; &nbsp; &nbsp; &nbsp;RISARCIMENTO PER VOLO CANCELLATO O IN RITARDO: ECCO A QUALI CONDIZIONI DECIDE IL GIUDICE ITALIANO Scoprire, a ridosso della partenza, che il proprio volo \u00e8 in [&hellip;]<\/p>\n","protected":false},"author":2,"featured_media":1618,"comment_status":"open","ping_status":"open","sticky":false,"template":"","format":"standard","meta":{"footnotes":""},"categories":[27],"tags":[209],"class_list":["post-1622","post","type-post","status-publish","format-standard","has-post-thumbnail","hentry","category-newsletter","tag-newsletter-2020"],"_links":{"self":[{"href":"https:\/\/ecc-netitalia.it\/it\/wp-json\/wp\/v2\/posts\/1622","targetHints":{"allow":["GET"]}}],"collection":[{"href":"https:\/\/ecc-netitalia.it\/it\/wp-json\/wp\/v2\/posts"}],"about":[{"href":"https:\/\/ecc-netitalia.it\/it\/wp-json\/wp\/v2\/types\/post"}],"author":[{"embeddable":true,"href":"https:\/\/ecc-netitalia.it\/it\/wp-json\/wp\/v2\/users\/2"}],"replies":[{"embeddable":true,"href":"https:\/\/ecc-netitalia.it\/it\/wp-json\/wp\/v2\/comments?post=1622"}],"version-history":[{"count":0,"href":"https:\/\/ecc-netitalia.it\/it\/wp-json\/wp\/v2\/posts\/1622\/revisions"}],"wp:featuredmedia":[{"embeddable":true,"href":"https:\/\/ecc-netitalia.it\/it\/wp-json\/wp\/v2\/media\/1618"}],"wp:attachment":[{"href":"https:\/\/ecc-netitalia.it\/it\/wp-json\/wp\/v2\/media?parent=1622"}],"wp:term":[{"taxonomy":"category","embeddable":true,"href":"https:\/\/ecc-netitalia.it\/it\/wp-json\/wp\/v2\/categories?post=1622"},{"taxonomy":"post_tag","embeddable":true,"href":"https:\/\/ecc-netitalia.it\/it\/wp-json\/wp\/v2\/tags?post=1622"}],"curies":[{"name":"wp","href":"https:\/\/api.w.org\/{rel}","templated":true}]}}