{"id":1751,"date":"2020-09-18T15:09:12","date_gmt":"2020-09-18T13:09:12","guid":{"rendered":"http:\/\/localhost\/ECCWORDPRESS\/2020\/09\/18\/stato-dell-unione-2020-costruiamo-il-mondo-in-cui-vogliamo-vivere-un-unione-vitale-in-un-mondo-fragile\/"},"modified":"2024-03-10T10:37:27","modified_gmt":"2024-03-10T09:37:27","slug":"stato-dell-unione-2020-costruiamo-il-mondo-in-cui-vogliamo-vivere-un-unione-vitale-in-un-mondo-fragile","status":"publish","type":"post","link":"https:\/\/ecc-netitalia.it\/it\/news\/stato-dell-unione-2020-costruiamo-il-mondo-in-cui-vogliamo-vivere-un-unione-vitale-in-un-mondo-fragile\/","title":{"rendered":"Stato dell\u2019Unione 2020: \u201cCostruiamo il mondo in cui vogliamo vivere: un\u2019Unione vitale in un mondo fragile\u201d"},"content":{"rendered":"<p style=\"text-align: justify;\">Il 16 settembre la presidente della Commissione Europea Ursula Von der Leyen ha pronunciato, dinanzi al Parlamento Europeo in seduta plenaria, il discorso sullo stato dell\u2019Unione; ogni anno, nel mese di settembre, tale discorso rappresenta un appuntamento fondamentale per illustrare il lavoro svolto dalla Commissione e per presentare i piani d\u2019azione e gli obiettivi futuri.<\/p>\n<p style=\"text-align: justify;\">\u00a0Il discorso di quest\u2019anno si \u00e8 tenuto in un contesto del tutto particolare, essendo ancora in corso la devastante pandemia di Covid- 19, le cui drammatiche conseguenze si sono inevitabilmente ripercosse in tutta Europa; proprio con tale considerazione la presidente Von der Leyen ha iniziato il suo discorso, esternando profonde riflessioni sulla fragilit\u00e0 del pianeta e sull\u2019esigenza di fare leva sulla comunit\u00e0 di valori europea per approdare ad una nuova vitalit\u00e0, continuando a gestire questa pandemia con <em>\u201cgrande prudenza, responsabilit\u00e0 e unit\u00e0<\/em>\u201d.<\/p>\n<p style=\"text-align: justify;\">\u201c<em>Scegliamo non solo di riparare e recuperare l\u2019esistente, ma di plasmare un modo migliore di vivere il mondo di domani\u201d. <\/em>Con queste parole viene introdotto il NextgenerationEU, nuovo piano per la ripresa da 750 miliardi che rafforzer\u00e0 il bilancio dell\u2019Unione e che comprende ambiziose iniziative volte a porre le fondamenta della prossima generazione europea.<\/p>\n<p style=\"text-align: justify;\">I punti salienti del discorso hanno riguardato in primo luogo la sanit\u00e0: la presidente ha espresso l\u2019intenzione di potenziare l\u2019<a href=\"https:\/\/europa.eu\/european-union\/about-eu\/agencies\/ema_it\" target=\"_blank\" rel=\"noopener\">Agenzia europea per i medicinali<\/a> (EMA) e l\u2019ECDC, <a href=\"https:\/\/www.ecdc.europa.eu\/en\" target=\"_blank\" rel=\"noopener\">Centro europeo per la prevenzione e il controllo delle malattie<\/a> oltre alla volont\u00e0 di istituire un\u2019Agenzia europea per la ricerca e lo sviluppo avanzati in campo biomedico. Sono inoltre state rimarcate la necessit\u00e0 di ridiscutere la distribuzione delle competenze in ambito sanitario e di convocare un vertice mondiale sulla salute, che sar\u00e0 ospitato il prossimo anno proprio in Italia. Inevitabile anche un riferimento al vaccino anti Covid, che si auspica sia quanto prima non solo sicuro ed efficace, ma anche economico e accessibile ai cittadini di tutto il mondo; a tal fine l\u2019Unione europea, come ricordato dalla presidente, ha contribuito concretamente con 400 milioni di euro all\u2019impegno di renderlo disponibile a quanti pi\u00f9 individui possibili, a prescindere dalle loro condizioni economiche.<\/p>\n<p style=\"text-align: justify;\">La presidente ha inoltre ribadito che l\u2019Unione\u00a0 \u00e8 \u201c<em>determinata a proteggere tutti<\/em>\u201d non solo in ambito prettamente sanitario, ma anche sociale: forte della propria esperienza come Ministro del Lavoro e degli affari sociali ha annunciato di voler presentare una proposta legislativa per sostenere gli Stati Membri nella creazione di un quadro per il salario minimo. Questo obiettivo di \u201cprotezione\u201d, nelle parole della Von der Leyen, rappresenta solo la prima delle tre fondamentali\u00a0 declinazioni della promessa europea dell\u2019economia sociale: \u201cstabilit\u00e0\u201d e \u201copportunit\u00e0\u201d ne rappresentano gli altri due capisaldi, la cui concretizzazione si sta realizzando, rispettivamente, attraverso una maggiore flessibilit\u00e0 sui fondi europei e sugli aiuti di Stato e il progressivo abbattimento delle barriere al mercato unico. \u201c<em>Dobbiamo ridurre la burocrazia. Dobbiamo impegnarci di pi\u00f9 nell\u2019attuazione e nell\u2019applicazione. E dobbiamo ripristinare le quattro libert\u00e0 <\/em>(libert\u00e0 di circolazione delle persone, dei servizi, dei capitali e delle merci)<em>, integralmente e al pi\u00f9 presto\u201d<\/em>.<\/p>\n<p style=\"text-align: justify;\">Una menzione d\u2019obbligo nel discorso sullo stato dell\u2019Unione, \u00e8 riservata al <a href=\"https:\/\/ec.europa.eu\/info\/strategy\/priorities-2019-2024\/european-green-deal_it\" target=\"_blank\" rel=\"noopener\">Green Deal europeo<\/a>, ambizioso piano rivolto a promuovere un uso efficiente delle risorse realizzando cos\u00ec un\u2019economia circolare e pulita e a rendere l\u2019Unione, entro il 2050, una realt\u00e0 a zero impatto climatico. La presidente Von der Leyen ha inoltre posto un obiettivo ancora pi\u00f9 sfidante: non solo neutralit\u00e0 climatica entro il 2050, entro il 2030 l\u2019Europa punta a ridurre le emissioni al 55%: \u201c<em>tutto \u00e8 pronto: ora sta a\u00a0 noi rimboccarci le maniche e ottenere risultati<\/em>\u201d. Inoltre \u00e8 stato fissato l\u2019obiettivo di raccogliere il 30% dei 750 miliardi di euro di NextGenerationEU attraverso Green Bond (obbligazioni verdi) la cui emissione sia connessa cio\u00e8 a progetti con impatto positivo sull\u2019ambiente.<\/p>\n<p style=\"text-align: justify;\">La transizione auspicata non \u00e8 tuttavia solo <em>green<\/em>, ma anche <em>digital: <\/em>\u201c<em>dobbiamo fare dei prossimi dieci anni il decennio digitale europeo<\/em>\u201d. In programma la creazione di un <em>cloud<\/em> europeo e la proposta di un\u2019identit\u00e0 digitale europea, per \u201c<em>un insieme di regole che metta al centro le persone<\/em>: <em>gli algoritmi non devono essere una scatola nera e devono esserci regole chiare se qualcosa non va per il verso giusto<\/em>\u201d. \u00a0Ribadita l\u2019importanza vitale delle connessioni dati e la necessit\u00e0 di rivitalizzazione delle zone rurali, nelle quali circa il 40% delle persone \u00e8 ancora priva di accesso alla banda larga; da tale dato, la presidente ha colto l\u2019occasione per riaffermare la necessit\u00e0 di dedicare investimenti nella diffusione e nell\u2019incremento delle infrastrutture digitali, il cui primo passo \u00e8 rappresentato dall\u2019annuncio dell\u2019impiego di 8 miliardi di euro nella prossima generazione di supercomputer.<\/p>\n<p style=\"text-align: justify;\">Riproposta a gran voce anche la necessit\u00e0 di un\u2019Europa che \u201c<em>assuma posizioni chiare e agisca in maniera rapida per quanto riguarda le questioni globali\u201d<\/em>: rapporti commerciali con la Cina, sostegno al popolo bielorusso, alleanza transatlantica con gli Stati Uniti, nuove strategie con l\u2019Africa e la complessa definizione dei rapporti con il Regno Unito rappresentano questioni di prim\u2019ordine di questa \u201c<em>Europa vitale in un modo fragile<\/em>\u201d, che, parafrasando il discorso, non vuole fondare la propria leadership sulla propaganda autoreferenziale, perch\u00e9 non \u00e8 questione di \u201c<em>Prima l\u2019Europa. Si tratta di essere i primi a rispondere seriamente alle chiamate importanti<\/em>\u201d.<\/p>\n<p style=\"text-align: justify;\">E ancora, un nuovo patto sull\u2019immigrazione, lotta contro il razzismo, l\u2019odio e la discriminazione; annunciata anche, entro la fine di settembre, l\u2019adozione di una relazione annuale sullo Stato di diritto riguardante tutti gli Stati Membri.<\/p>\n<p style=\"text-align: justify;\">In circa novanta minuti \u00e8 stato tracciato il quadro dell\u2019Europa in essere e di quella che verr\u00e0, con fiducia, speranza e determinazione:<\/p>\n<p style=\"text-align: justify;\"><em>\u201cil futuro dipende da quello che faremo. E l&#8217;Europa sar\u00e0 ci\u00f2 che vogliamo che sia. Cessiamo dunque di sminuirla. E mettiamoci a lavoro al suo servizio. Rendiamola pi\u00f9 forte. E costruiamo il mondo in cui vogliamo vivere. Viva l&#8217;Europa!\u201d<\/em><\/p>\n<p>&nbsp;<\/p>\n<p style=\"text-align: justify;\">Il discorso completo in italiano e nelle lingue ufficiali dell\u2019Unione \u00e8 disponibile <a href=\"https:\/\/ec.europa.eu\/info\/strategy\/strategic-planning\/state-union-addresses\/state-union-2020_it\" target=\"_blank\" rel=\"noopener\">qui<\/a><\/p>\n<p>&nbsp;<\/p>\n<p>&nbsp;<\/p>\n<p>&nbsp;<\/p>\n","protected":false},"excerpt":{"rendered":"<p>Il 16 settembre la presidente della Commissione Europea Ursula Von der Leyen ha pronunciato, dinanzi al Parlamento Europeo in seduta plenaria, il discorso sullo stato dell\u2019Unione; ogni anno, nel mese di settembre, tale discorso rappresenta un appuntamento fondamentale per illustrare il lavoro svolto dalla Commissione e per presentare i piani d\u2019azione e gli obiettivi futuri. [&hellip;]<\/p>\n","protected":false},"author":3,"featured_media":1750,"comment_status":"open","ping_status":"open","sticky":false,"template":"","format":"standard","meta":{"footnotes":""},"categories":[17],"tags":[],"class_list":["post-1751","post","type-post","status-publish","format-standard","has-post-thumbnail","hentry","category-news"],"_links":{"self":[{"href":"https:\/\/ecc-netitalia.it\/it\/wp-json\/wp\/v2\/posts\/1751","targetHints":{"allow":["GET"]}}],"collection":[{"href":"https:\/\/ecc-netitalia.it\/it\/wp-json\/wp\/v2\/posts"}],"about":[{"href":"https:\/\/ecc-netitalia.it\/it\/wp-json\/wp\/v2\/types\/post"}],"author":[{"embeddable":true,"href":"https:\/\/ecc-netitalia.it\/it\/wp-json\/wp\/v2\/users\/3"}],"replies":[{"embeddable":true,"href":"https:\/\/ecc-netitalia.it\/it\/wp-json\/wp\/v2\/comments?post=1751"}],"version-history":[{"count":1,"href":"https:\/\/ecc-netitalia.it\/it\/wp-json\/wp\/v2\/posts\/1751\/revisions"}],"predecessor-version":[{"id":8347,"href":"https:\/\/ecc-netitalia.it\/it\/wp-json\/wp\/v2\/posts\/1751\/revisions\/8347"}],"wp:featuredmedia":[{"embeddable":true,"href":"https:\/\/ecc-netitalia.it\/it\/wp-json\/wp\/v2\/media\/1750"}],"wp:attachment":[{"href":"https:\/\/ecc-netitalia.it\/it\/wp-json\/wp\/v2\/media?parent=1751"}],"wp:term":[{"taxonomy":"category","embeddable":true,"href":"https:\/\/ecc-netitalia.it\/it\/wp-json\/wp\/v2\/categories?post=1751"},{"taxonomy":"post_tag","embeddable":true,"href":"https:\/\/ecc-netitalia.it\/it\/wp-json\/wp\/v2\/tags?post=1751"}],"curies":[{"name":"wp","href":"https:\/\/api.w.org\/{rel}","templated":true}]}}