{"id":1936,"date":"2021-09-16T14:19:41","date_gmt":"2021-09-16T12:19:41","guid":{"rendered":"http:\/\/localhost\/ECCWORDPRESS\/2021\/09\/16\/stato-dell-unione-2021-rafforzare-l-anima-della-nostra-unione\/"},"modified":"2024-03-10T10:36:45","modified_gmt":"2024-03-10T09:36:45","slug":"stato-dell-unione-2021-rafforzare-l-anima-della-nostra-unione","status":"publish","type":"post","link":"https:\/\/ecc-netitalia.it\/it\/news\/stato-dell-unione-2021-rafforzare-l-anima-della-nostra-unione\/","title":{"rendered":"Stato dell\u2019Unione 2021: \u201cRafforzare l\u2019anima della nostra Unione\u201d"},"content":{"rendered":"<p>Si \u00e8 tenuto mercoled\u00ec 15 settembre alle ore 9 il <a href=\"https:\/\/ec.europa.eu\/commission\/presscorner\/detail\/it\/SPEECH_21_4701\" target=\"_blank\" rel=\"noopener\">discorso sullo stato dell\u2019Unione<\/a> (State of the Union, da cui l\u2019acronimo SOTEU), celebre appuntamento annuale in cui il presidente della Commissione europea, dinanzi al Parlamento riunito a Strasburgo in seduta plenaria, illustra le attivit\u00e0 svolte durante l\u2019anno e presenta i piani d\u2019azione per il futuro.<\/p>\n<p>L&#8217;Europa \u201cha bisogno di un&#8217;anima, di un ideale e della volont\u00e0 politica di perseguire questo ideale\u201d: citando Robert Schuman, uno degli illustri padri fondatori dell\u2019Unione Europea, la presidente Ursula von der Leyen ha introdotto il suo discorso con un messaggio fortemente positivo, sottolineando quanto la coesione e l\u2019unione delle forze europee abbia pienamente realizzato le parole di Schuman, facendo fronte \u201calla pi\u00f9 ardua crisi planetaria della storia\u201d. Il <a href=\"https:\/\/ec.europa.eu\/info\/strategy\/priorities-2019-2024\/european-green-deal_it\" target=\"_blank\" rel=\"noopener\">Green Deal europeo<\/a>, la campagna vaccinale e il piano <a href=\"https:\/\/ec.europa.eu\/info\/strategy\/recovery-plan-europe_it\" target=\"_blank\" rel=\"noopener\">NextGeneratioEU<\/a> hanno rappresentato le pi\u00f9 evidenti manifestazioni delle azioni comuni intraprese dai 27 Stati Membri, azioni di cui essere fieri e che rendono concreta la speranza di superare appieno la dura prova che tutti noi siamo ancora chiamati a fronteggiare. Inevitabili i riferimenti alla pandemia che ha stravolto la nostra esistenza e ci ha insegnato \u201cil valore del tempo. Abbiamo capito che il tempo pi\u00f9 prezioso \u00e8 quello dedicato alle persone a cui vogliamo bene\u201d; esperienza drammatica da cui scaturiscono ambiziosi progetti, come la proposta di una nuova strategia europea per l\u2019assistenza affinch\u00e9 \u201cciascun uomo e ciascuna donna possa beneficiare della migliore assistenza possibile e trovare il miglior equilibrio di vita\u201d o ancora\u00a0 la proposta di inaugurare il 2022 come anno europeo dei giovani, \u201cun anno dedicato a valorizzare i giovani che si sono tanto sacrificati per gli altri\u201d.<\/p>\n<p>\u00c8 emersa inoltre l\u2019immagine di un\u2019Europa che vuole e deve essere pi\u00f9 strategica e compatta; la presidente ha sottolineato l\u2019esigenza di creare un\u2019unione della difesa in grado di garantire stabilit\u00e0 all\u2019interno e nelle regioni vicine e lontane: \u201cpossiamo combinare aspetti militari e civili, diplomazia e sviluppo; abbiamo inoltre grande esperienza nella costruzione e nella protezione della pace\u201d. La von der Leyen ha inoltre menzionato la necessit\u00e0 di occuparsi della difesa cibernetica, poich\u00e9 \u201cse tutto \u00e8 collegato, tutto pu\u00f2 essere piratato\u201d; \u00e8 stata dunque manifestata la volont\u00e0 di introdurre una legge europea sulla \u201cciberresilienza\u201d, poich\u00e9 limitarsi ad affrontare le minacce informatiche non \u00e8 abbastanza, \u00e8 necessario conquistare un posto di primo piano nella cibersicurezza. \u00c8 stato inoltre annunciata la volont\u00e0 di realizzare un piano in grado di conferire all\u2019Europa un ruolo di sovranit\u00e0 tecnologica.<\/p>\n<p>Sul versante sanitario, facendo seguito a quanto dichiarato <a href=\"https:\/\/ecc-netitalia.it\/it\/news\/stato-dell-unione-2020-costruiamo-il-mondo-in-cui-vogliamo-vivere-un-unione-vitale-in-un-mondo-fragile\/\">nel discorso sullo stato dell\u2019unione dello scorso anno<\/a>, \u00e8 stato annunciato il progetto di una nuova autorit\u00e0, HERA, dedicata alla gestione delle emergenze sanitarie. La transizione green, cos\u00ec come quella digitale, ha rappresentato un ulteriore tema chiave; annunciata anche la proposta di un Fondo sociale per il clima e la volont\u00e0, naturalmente, di continuare a perseguire l\u2019ambizioso obiettivo della neutralit\u00e0 climatica entro il 2050.<\/p>\n<p>Infine, una conclusione speciale, motivo di orgoglio per l\u2019Italia; la campionessa paralimpica Beatrice Vio, presente all\u2019evento, \u00e8 stata assurta a simbolo dalla presidente come simbolo dello spirito dell\u2019Europa di oggi e di domani: \u201cla sua storia \u00e8 l&#8217;emblema di una rinascita contro ogni aspettativa. Di un successo raggiunto grazie al talento, alla tenacia e ad un&#8217;indefessa positivit\u00e0. \u00c8 l&#8217;immagine della sua generazione: una leader e una sostenitrice delle cause in cui crede, che \u00e8 riuscita a raggiungere tutto questo rimanendo fedele alla sua convinzione secondo cui, se sembra impossibile, allora si pu\u00f2 fare\u2026<\/p>\n<p>\u201c\u2026questa \u00e8 l&#8217;anima dell&#8217;Europa; questo \u00e8 il futuro dell&#8217;Europa. Rendiamola pi\u00f9 forte, insieme. Viva l&#8217;Europa\u201d.<\/p>\n<p>Il testo completo del discorso sullo stato dell\u2019Unione e i documenti ad esso relativi sono disponibili <a href=\"https:\/\/ec.europa.eu\/info\/strategy\/strategic-planning\/state-union-addresses\/state-union-2021_it\" target=\"_blank\" rel=\"noopener\">qui<\/a> nelle 24 lingue ufficiali dell\u2019Unione Europea.<\/p>\n","protected":false},"excerpt":{"rendered":"<p>Si \u00e8 tenuto mercoled\u00ec 15 settembre alle ore 9 il discorso sullo stato dell\u2019Unione (State of the Union, da cui l\u2019acronimo SOTEU), celebre appuntamento annuale in cui il presidente della Commissione europea, dinanzi al Parlamento riunito a Strasburgo in seduta plenaria, illustra le attivit\u00e0 svolte durante l\u2019anno e presenta i piani d\u2019azione per il futuro. [&hellip;]<\/p>\n","protected":false},"author":3,"featured_media":1935,"comment_status":"open","ping_status":"open","sticky":false,"template":"","format":"standard","meta":{"footnotes":""},"categories":[17],"tags":[],"class_list":["post-1936","post","type-post","status-publish","format-standard","has-post-thumbnail","hentry","category-news"],"_links":{"self":[{"href":"https:\/\/ecc-netitalia.it\/it\/wp-json\/wp\/v2\/posts\/1936","targetHints":{"allow":["GET"]}}],"collection":[{"href":"https:\/\/ecc-netitalia.it\/it\/wp-json\/wp\/v2\/posts"}],"about":[{"href":"https:\/\/ecc-netitalia.it\/it\/wp-json\/wp\/v2\/types\/post"}],"author":[{"embeddable":true,"href":"https:\/\/ecc-netitalia.it\/it\/wp-json\/wp\/v2\/users\/3"}],"replies":[{"embeddable":true,"href":"https:\/\/ecc-netitalia.it\/it\/wp-json\/wp\/v2\/comments?post=1936"}],"version-history":[{"count":2,"href":"https:\/\/ecc-netitalia.it\/it\/wp-json\/wp\/v2\/posts\/1936\/revisions"}],"predecessor-version":[{"id":8346,"href":"https:\/\/ecc-netitalia.it\/it\/wp-json\/wp\/v2\/posts\/1936\/revisions\/8346"}],"wp:featuredmedia":[{"embeddable":true,"href":"https:\/\/ecc-netitalia.it\/it\/wp-json\/wp\/v2\/media\/1935"}],"wp:attachment":[{"href":"https:\/\/ecc-netitalia.it\/it\/wp-json\/wp\/v2\/media?parent=1936"}],"wp:term":[{"taxonomy":"category","embeddable":true,"href":"https:\/\/ecc-netitalia.it\/it\/wp-json\/wp\/v2\/categories?post=1936"},{"taxonomy":"post_tag","embeddable":true,"href":"https:\/\/ecc-netitalia.it\/it\/wp-json\/wp\/v2\/tags?post=1936"}],"curies":[{"name":"wp","href":"https:\/\/api.w.org\/{rel}","templated":true}]}}