{"id":1938,"date":"2021-09-28T09:19:43","date_gmt":"2021-09-28T07:19:43","guid":{"rendered":"http:\/\/localhost\/ECCWORDPRESS\/2021\/09\/28\/meno-rifiuti-elettronici-e-piu-vantaggi-per-i-consumatori-la-commissione-propone-il-caricabatteria-universale\/"},"modified":"2021-09-28T09:19:43","modified_gmt":"2021-09-28T07:19:43","slug":"meno-rifiuti-elettronici-e-piu-vantaggi-per-i-consumatori-la-commissione-propone-il-caricabatteria-universale","status":"publish","type":"post","link":"https:\/\/ecc-netitalia.it\/it\/news\/meno-rifiuti-elettronici-e-piu-vantaggi-per-i-consumatori-la-commissione-propone-il-caricabatteria-universale\/","title":{"rendered":"Meno rifiuti elettronici e pi\u00f9 vantaggi per i consumatori: la Commissione propone il caricabatteria universale"},"content":{"rendered":"<p style=\"text-align: justify;\"><img fetchpriority=\"high\" decoding=\"async\" class=\" alignright size-full wp-image-1937\" src=\"https:\/\/ecc-netitalia.it\/wp-content\/uploads\/Caricabatteria.PNG\" alt=\"Caricabatteria\" width=\"432\" height=\"310\" style=\"margin-left: 20px; margin-bottom: 20px; float: right;\" \/>La spesa media annua per caricabatteria non compresi nell\u2019acquisto di dispositivi elettronici ammonta a circa 2,4 miliardi di euro; nonostante sia stimato che ogni consumatore possieda tre caricabatteria per telefoni cellulari (di cui due utilizzati regolarmente), il 38% dichiara di aver incontrato delle difficolt\u00e0 nella ricarica del proprio dispositivo per ragioni di incompatibilit\u00e0.<\/p>\n<p style=\"text-align: justify;\">Sulla scorta di questi dati la Commissione europea ha&nbsp; recentemente formulato la <a href=\"https:\/\/ec.europa.eu\/commission\/presscorner\/detail\/it\/ip_21_4613?fbclid=IwAR3kuJMSx9wK3leZJLYN6vDh3Jcco0C0dQdAsMSfLQbIiF3YHNDQYJVl8hY\" target=\"_blank\" rel=\"noopener\">proposta<\/a> di introdurre un caricabatteria standardizzato attraverso la revisione della <a href=\"https:\/\/eur-lex.europa.eu\/legal-content\/IT\/ALL\/?uri=CELEX:32014L0053\" target=\"_blank\" rel=\"noopener\">Direttiva sulle apparecchiature radio<\/a>, al fine di ridurre sensibilmente i disagi causati dalla difformit\u00e0 dei dispositivi di ricarica e, soprattutto, di moderare significativamente la quantit\u00e0 di rifiuti elettronici, considerato che solo i caricabatteria smaltiti e non utilizzati ammontano annualmente a circa 11 000 tonnellate.<\/p>\n<p style=\"text-align: justify;\"><strong>&nbsp;<\/strong><em>\u201cI consumatori europei hanno subito troppo a lungo il disagio di dover accumulare diversi&nbsp;<\/em><em>caricabatteria incompatibili. Abbiamo lasciato all&#8217;industria molto tempo per trovare una soluzione, ma ora \u00e8 giunto il momento di agire a livello legislativo per promuovere caricabatteria standardizzati&#8221;; <\/em>con queste parole Margrethe <strong>Vestager<\/strong>, Vicepresidente esecutiva per Un&#8217;Europa pronta per l&#8217;era digitale ha introdotto la proposta formale. Nonostante la collaborazione tra istituzioni e operatori del settore abbia gi\u00e0 consentito negli ultimi dieci anni una riduzione dei modelli di dispositivi di carica da 30 a 3, la situazione attuale risulta non ancora accettabile.<\/p>\n<p style=\"text-align: justify;\">La proposta della Commissione individua nel modello USB-C lo standard che potr\u00e0 essere impiegato per caricare, universalmente e con la medesima velocit\u00e0, smartphone, tablet, videocamere, cuffie, videogiochi, console e altoparlanti portatili, riducendo ampiamente l\u2019impronta ambientale della produzione e dello smaltimento dei rifiuti elettronici conformemente agli obiettivi della transizione verde e digitale, punto chiave della <a href=\"it\/news-e-pubblicazioni\/news\/979-new-consumer-agenda-il-consumatore-e-il-motore-del-cambiamento-globale\" target=\"_blank\" rel=\"noopener\">Nuova Agenda dei consumatori<\/a> adottata lo scorso novembre.<\/p>\n<p style=\"text-align: justify;\">Nello specifico, la Commissione intende:<\/p>\n<p style=\"text-align: justify;\">&#8211; armonizzare le porte di ricarica attraverso l\u2019USB- C, che potr\u00e0 essere utilizzato a prescindere dal marchio del dispositivo;<\/p>\n<p style=\"text-align: justify;\">&#8211; armonizzare la tecnologia di ricarica rapida, affinch\u00e9 la velocit\u00e0 di carica sia la medesima a prescindere dal caricatore utilizzato;<\/p>\n<p style=\"text-align: justify;\">&#8211; vendere caricabatteria e dispositivo separatamente, per diminuire la produzione (e il conseguente smaltimento) di rifiuti elettronici (riduzione stimata di circa 1000 tonnellate l\u2019anno);<\/p>\n<p style=\"text-align: justify;\">&#8211; informare meglio i consumatori, affinch\u00e9 siano consapevoli delle prestazioni di ricarica e possano verificare con semplicit\u00e0 se i caricabatteria il loro possesso soddisfino gi\u00e0 i requisiti dei nuovi dispositivi acquistati, evitando cos\u00ec acquisti superflui per un risparmio totale di circa 250 milioni di euro l\u2019anno.<\/p>\n<p style=\"text-align: justify;\">Tale proposta dovr\u00e0 successivamente essere adottata dal Parlamento europeo e dal Consiglio; dopo l\u2019adozione ufficiale, seguir\u00e0 un periodo transitorio di 24 mesi (necessari al recepimento della Direttiva), che consentir\u00e0 agli operatori del settore di adeguare le proprie produzioni.<\/p>\n<p style=\"text-align: justify;\">Informazioni aggiuntive sulla proposta della Commissione sono disponibili <a href=\"https:\/\/ec.europa.eu\/commission\/presscorner\/detail\/it\/QANDA_21_4614\" target=\"_blank\" rel=\"noopener\">qui<\/a>; la scheda informativa \u00e8 invece disponibile <a href=\"https:\/\/ec.europa.eu\/docsroom\/documents\/46754\" target=\"_blank\" rel=\"noopener\">qui<\/a> in tutte le lingue ufficiali dell\u2019Unione europea.<\/p>\n<p>&nbsp;<\/p>\n<p>&nbsp;<\/p>\n<p>&nbsp;<\/p>\n","protected":false},"excerpt":{"rendered":"<p>La spesa media annua per caricabatteria non compresi nell\u2019acquisto di dispositivi elettronici ammonta a circa 2,4 miliardi di euro; nonostante sia stimato che ogni consumatore possieda tre caricabatteria per telefoni cellulari (di cui due utilizzati regolarmente), il 38% dichiara di aver incontrato delle difficolt\u00e0 nella ricarica del proprio dispositivo per ragioni di incompatibilit\u00e0. Sulla scorta [&hellip;]<\/p>\n","protected":false},"author":3,"featured_media":1937,"comment_status":"open","ping_status":"open","sticky":false,"template":"","format":"standard","meta":{"footnotes":""},"categories":[17],"tags":[],"class_list":["post-1938","post","type-post","status-publish","format-standard","has-post-thumbnail","hentry","category-news"],"_links":{"self":[{"href":"https:\/\/ecc-netitalia.it\/it\/wp-json\/wp\/v2\/posts\/1938","targetHints":{"allow":["GET"]}}],"collection":[{"href":"https:\/\/ecc-netitalia.it\/it\/wp-json\/wp\/v2\/posts"}],"about":[{"href":"https:\/\/ecc-netitalia.it\/it\/wp-json\/wp\/v2\/types\/post"}],"author":[{"embeddable":true,"href":"https:\/\/ecc-netitalia.it\/it\/wp-json\/wp\/v2\/users\/3"}],"replies":[{"embeddable":true,"href":"https:\/\/ecc-netitalia.it\/it\/wp-json\/wp\/v2\/comments?post=1938"}],"version-history":[{"count":0,"href":"https:\/\/ecc-netitalia.it\/it\/wp-json\/wp\/v2\/posts\/1938\/revisions"}],"wp:featuredmedia":[{"embeddable":true,"href":"https:\/\/ecc-netitalia.it\/it\/wp-json\/wp\/v2\/media\/1937"}],"wp:attachment":[{"href":"https:\/\/ecc-netitalia.it\/it\/wp-json\/wp\/v2\/media?parent=1938"}],"wp:term":[{"taxonomy":"category","embeddable":true,"href":"https:\/\/ecc-netitalia.it\/it\/wp-json\/wp\/v2\/categories?post=1938"},{"taxonomy":"post_tag","embeddable":true,"href":"https:\/\/ecc-netitalia.it\/it\/wp-json\/wp\/v2\/tags?post=1938"}],"curies":[{"name":"wp","href":"https:\/\/api.w.org\/{rel}","templated":true}]}}