{"id":1960,"date":"2021-11-11T14:58:52","date_gmt":"2021-11-11T13:58:52","guid":{"rendered":"http:\/\/localhost\/ECCWORDPRESS\/2021\/11\/11\/blue-panorama-sospende-i-voli-e-chiede-il-concordato-preventivo-quali-diritti-per-i-passeggeri\/"},"modified":"2022-11-07T11:56:10","modified_gmt":"2022-11-07T10:56:10","slug":"blue-panorama-sospende-i-voli-e-chiede-il-concordato-preventivo-quali-diritti-per-i-passeggeri","status":"publish","type":"post","link":"https:\/\/ecc-netitalia.it\/it\/news\/blue-panorama-sospende-i-voli-e-chiede-il-concordato-preventivo-quali-diritti-per-i-passeggeri\/","title":{"rendered":"Blue Panorama sospende i voli e chiede il concordato preventivo: quali diritti per i passeggeri?"},"content":{"rendered":"<p style=\"text-align: justify;\">Dopo la definitiva cessazione dei voli Alitalia, storica compagnia di bandiera, un\u2019ulteriore notizia scuote i cieli italiani; Blue Panorama-Luke Air (questo il marchio commerciale della compagnia), terzo vettore nazionale per numero di passeggeri, <a href=\"https:\/\/www.blue-panorama.com\/index.html\" target=\"_blank\" rel=\"noopener\">comunica<\/a> di aver presentato, in data 29 ottobre, ricorso per l\u2019ammissione al concordato con riserva \u201c<em>con l\u2019obiettivo di preservare il patrimonio e la continuit\u00e0\u0300 aziendale\u201d<\/em>. La comunicazione \u00e8 giunta successivamente ad un <a href=\"https:\/\/moduliweb.enac.gov.it\/applicazioni\/comunicati\/comunicato.asp?selpa1=2747&amp;NumCom=75\" target=\"_blank\" rel=\"noopener\">comunicato stampa<\/a> dell\u2019ENAC, Ente Nazionale per l\u2019Aviazione Civile, che gi\u00e0 in data 27 ottobre annunciava la decisione del vettore di sospendere l\u2019attivit\u00e0 commerciale a far data dal giorno seguente e dopo aver riprotetto tutti i passeggeri in possesso di biglietto non utilizzabile. Quali conseguenze ci saranno invece per quanti sono ancora in attesa di rimborso da parte della compagnia? Cos\u2019\u00e8 un concordato con riserva e cosa significa l\u2019avvio di tale procedura per chi ancora vanta un credito nei confronti di Blue Panorama?<\/p>\n<p style=\"text-align: justify;\">Il concordato con riserva \u00e8 uno strumento cui una societ\u00e0 pu\u00f2 ricorrere per evitare il fallimento; trovandosi in una situazione di dissesto finanziario con conseguente incapacit\u00e0 di far fronte ai propri debiti, la presentazione del ricorso per l\u2019ammissione al concordato consente alla societ\u00e0 di realizzare un accordo con i creditori risanando progressivamente la compromessa situazione finanziaria. \u00c8 definito con riserva, come in questo caso, quando il ricorso per l\u2019ammissione alla procedura non \u00e8 completo della documentazione necessaria per la definizione dell\u2019accordo con i creditori, ma, pur essendo la domanda presentata immediatamente, ci si riserva, dietro autorizzazione del tribunale competente, a presentare un completo piano di accordo in un momento successivo. Il Tribunale di Milano, come si legge nel documento reperibile sul <a href=\"https:\/\/portalecreditori.it\/procedura?id=QR2WdLoXM4&amp;\" target=\"_blank\" rel=\"noopener\">portale dei creditori<\/a>, ha concesso a Blue Panorama un termine, fissato al 28 febbraio 2022, entro cui procedere con la proposta definitiva di concordato; tuttavia non \u00e8 detto che tale proposta venga accolta dai creditori, i quali potranno anche rifiutarla determinando, a quel punto, il fallimento della compagnia.<\/p>\n<p style=\"text-align: justify;\">I passeggeri in attesa di rimborso, anch\u2019essi creditori, dovranno purtroppo attendere tale termine per avere ulteriori specifiche notizie circa le modalit\u00e0 attraverso cui far valere i propri diritti, poich\u00e9, nel momento in cui si ricorre ad una simile procedura, solitamente la societ\u00e0 non pu\u00f2 procedere al pagamento dei debiti se non all\u2019interno della procedura stessa.<\/p>\n<p style=\"text-align: justify;\">Il Centro Europeo Consumatori Italia fornir\u00e0 tempestivamente aggiornamenti su qualsiasi evoluzione della vicenda sia attraverso il proprio sito web <a href=\"http:\/\/www.ecc-netitalia.it\" target=\"_blank\" rel=\"noopener\">www.ecc-netitalia.it<\/a>, sia attraverso i canali social Facebook (@CentroEuropeoConsumatori), Twitter (@ECCItaly) e Instagram (@ecc.italy).<\/p>\n","protected":false},"excerpt":{"rendered":"<p>Dopo la definitiva cessazione dei voli Alitalia, storica compagnia di bandiera, un\u2019ulteriore notizia scuote i cieli italiani; Blue Panorama-Luke Air (questo il marchio commerciale della compagnia), terzo vettore nazionale per numero di passeggeri, comunica di aver presentato, in data 29 ottobre, ricorso per l\u2019ammissione al concordato con riserva \u201ccon l\u2019obiettivo di preservare il patrimonio e [&hellip;]<\/p>\n","protected":false},"author":3,"featured_media":1959,"comment_status":"open","ping_status":"open","sticky":false,"template":"","format":"standard","meta":{"footnotes":""},"categories":[17],"tags":[206],"class_list":["post-1960","post","type-post","status-publish","format-standard","has-post-thumbnail","hentry","category-news","tag-trasporto-aereo"],"_links":{"self":[{"href":"https:\/\/ecc-netitalia.it\/it\/wp-json\/wp\/v2\/posts\/1960","targetHints":{"allow":["GET"]}}],"collection":[{"href":"https:\/\/ecc-netitalia.it\/it\/wp-json\/wp\/v2\/posts"}],"about":[{"href":"https:\/\/ecc-netitalia.it\/it\/wp-json\/wp\/v2\/types\/post"}],"author":[{"embeddable":true,"href":"https:\/\/ecc-netitalia.it\/it\/wp-json\/wp\/v2\/users\/3"}],"replies":[{"embeddable":true,"href":"https:\/\/ecc-netitalia.it\/it\/wp-json\/wp\/v2\/comments?post=1960"}],"version-history":[{"count":1,"href":"https:\/\/ecc-netitalia.it\/it\/wp-json\/wp\/v2\/posts\/1960\/revisions"}],"predecessor-version":[{"id":3679,"href":"https:\/\/ecc-netitalia.it\/it\/wp-json\/wp\/v2\/posts\/1960\/revisions\/3679"}],"wp:featuredmedia":[{"embeddable":true,"href":"https:\/\/ecc-netitalia.it\/it\/wp-json\/wp\/v2\/media\/1959"}],"wp:attachment":[{"href":"https:\/\/ecc-netitalia.it\/it\/wp-json\/wp\/v2\/media?parent=1960"}],"wp:term":[{"taxonomy":"category","embeddable":true,"href":"https:\/\/ecc-netitalia.it\/it\/wp-json\/wp\/v2\/categories?post=1960"},{"taxonomy":"post_tag","embeddable":true,"href":"https:\/\/ecc-netitalia.it\/it\/wp-json\/wp\/v2\/tags?post=1960"}],"curies":[{"name":"wp","href":"https:\/\/api.w.org\/{rel}","templated":true}]}}