{"id":1974,"date":"2021-05-31T18:11:00","date_gmt":"2021-05-31T16:11:00","guid":{"rendered":"http:\/\/localhost\/ECCWORDPRESS\/2020\/06\/03\/maggio-2021-newsletter-europa-consumi\/"},"modified":"2022-11-08T12:35:19","modified_gmt":"2022-11-08T11:35:19","slug":"maggio-2021-newsletter-europa-consumi","status":"publish","type":"post","link":"https:\/\/ecc-netitalia.it\/it\/newsletter\/maggio-2021-newsletter-europa-consumi\/","title":{"rendered":"Maggio 2021 &#8211; Newsletter &#8220;Europa Consumi&#8221;"},"content":{"rendered":"<p style=\"text-align: center;\"><img fetchpriority=\"high\" decoding=\"async\" class=\" alignleft size-full wp-image-1968\" src=\"https:\/\/ecc-netitalia.it\/wp-content\/uploads\/aereo.jpg\" alt=\"aereo\" width=\"435\" height=\"310\" style=\"margin-right: 20px; margin-bottom: 20px; float: left;\"><\/p>\n<p><span style=\"font-size: 14pt;\"><strong><strong><strong><strong><strong><strong>ANTITRUST ANCORA SU CANCELLAZIONE VOLI \u201cCAUSA COVID\u201d: 4,2 MILIONI DI MULTA A RYANAIR<\/strong><\/strong><\/strong><\/strong><\/strong><\/strong><\/span><\/p>\n<p>La pandemia di Covid-19 e le restrizioni imposte a livello nazionale e internazionale hanno certamente obbligato le compagnie aeree a cancellare improvvisamente molte tratte&#8230;<\/p>\n<p><span style=\"font-size: 14pt; background-color: #ffbc00; color: #ffffff;\"><a href=\"it\/news-e-pubblicazioni\/news\/1039-antitrust-ancora-su-cancellazione-voli-causa-covid-4-2-milioni-di-multa-a-ryanair\" target=\"_blank\" rel=\"noopener\"><strong style=\"background-color: #ffcc00; color: #ffffff;\"><span style=\"background-color: #ffbc00;\">&nbsp;&nbsp;LEGGI&nbsp;&nbsp;<\/span><\/strong><\/a><a href=\"http:\/\/customer33573.musvc1.net\/e\/t?q=3%3dKU7WK%26D%3d3%26D%3dLS4Q%267%3dT3UKZ%26w%3d8BLrI_0sUp_K3_tqkr_46_0sUp_J8yME.7e3-67v9B3n9s.Av_HiuR_RxAv_HiuR_RxFgMA-7-rKt4n9u3297Fk_1s3cHiuR_RxFgMA_JSsh_ThXKW-pE0Eg-FsKu5y9gH7-Ap5A3vJw-KcDHAqDsLc-24Mg-FsFqHsEc-4s-3i35%266%3doKANeQ.67v%269A%3dW6UQ\" style=\"background-color: #ffbc00;\" rel=\"noopener\"><br \/>\n<\/a><\/span><\/p>\n<p>&nbsp;<\/p>\n<table style=\"width: 100%;\">\n<tbody>\n<tr>\n<td>\n<table style=\"width: 100%;\">\n<tbody>\n<tr>\n<td>&nbsp;<\/td>\n<\/tr>\n<\/tbody>\n<\/table>\n<\/td>\n<\/tr>\n<\/tbody>\n<\/table>\n<hr>\n<p>&nbsp;<img decoding=\"async\" class=\" alignleft size-full wp-image-1969\" src=\"https:\/\/ecc-netitalia.it\/wp-content\/uploads\/mascherina.png\" alt=\"mascherina\" width=\"435\" height=\"310\" style=\"margin-right: 20px; margin-bottom: 20px; float: left;\"><span style=\"font-size: 14pt;\"><strong><strong><strong><strong><strong><strong><strong>VIAGGI E TURISMO: IL CENTRO&nbsp;<span class=\"il\">EUROPEO<\/span>&nbsp;CONSUMATORI ITALIA PUBBLICA LE FAQ SULLE NOVIT\u00c0 INTRODOTTE DAL DECRETO SOSTEGNI<\/strong><\/strong><\/strong><\/strong><\/strong><\/strong><\/strong><\/span><\/p>\n<p>La conversione in legge del<a href=\"https:\/\/customer33573.musvc2.net\/e\/t?q=6%3dHZGZH%26I%3dC%26G%3dJdEU%264%3dYCXHe%267%3dA9Q2L_7xes_H8_4thw_D9_7xes_GC9PB.DmSEB6MpRr9x0u41B.uM_7xes_GCqEx_Ocve_YrBs_Ocve_YrUOYC_K4p8mfzb_UugE_Kfzb_UuYD_Kfzb_UuYCjOgLWN_Ocve_YrLv%26A%3dyN8SoU.3B6%26B8%3ddIUO\" target=\"_blank\" rel=\"noopener\" data-saferedirecturl=\"https:\/\/www.google.com\/url?q=https:\/\/customer33573.musvc2.net\/e\/t?q%3D6%253dHZGZH%2526I%253dC%2526G%253dJdEU%25264%253dYCXHe%25267%253dA9Q2L_7xes_H8_4thw_D9_7xes_GC9PB.DmSEB6MpRr9x0u41B.uM_7xes_GCqEx_Ocve_YrBs_Ocve_YrUOYC_K4p8mfzb_UugE_Kfzb_UuYD_Kfzb_UuYCjOgLWN_Ocve_YrLv%2526A%253dyN8SoU.3B6%2526B8%253ddIUO&amp;source=gmail&amp;ust=1637136416063000&amp;usg=AOvVaw1_oOpve7jnVs59b0_RZ3D5\">&nbsp;Decreto Sostegni<\/a>&nbsp;(<a href=\"https:\/\/customer33573.musvc2.net\/e\/t?q=4%3d4YHX4%26H%3dD%26E%3d6cFS%26p%3dXDV4d%268%3d9uP3J_swfq_47_5rTv_E7_swfq_3B0Nx.CnQ1A7KbQs7j9v2mA.vK_swfq_3BrCj_NdtQ_Xs0e_NdtQ_XsSAXD_I2b7nRyc_SgfH_IRyc_SgXD_IRyc_SgXDhAfMYA_NdtQ_XsJh%260%3dzLtRpS.oA7%260t%3dcJSA\" target=\"_blank\" rel=\"noopener\" data-saferedirecturl=\"https:\/\/www.google.com\/url?q=https:\/\/customer33573.musvc2.net\/e\/t?q%3D4%253d4YHX4%2526H%253dD%2526E%253d6cFS%2526p%253dXDV4d%25268%253d9uP3J_swfq_47_5rTv_E7_swfq_3B0Nx.CnQ1A7KbQs7j9v2mA.vK_swfq_3BrCj_NdtQ_Xs0e_NdtQ_XsSAXD_I2b7nRyc_SgfH_IRyc_SgXD_IRyc_SgXDhAfMYA_NdtQ_XsJh%25260%253dzLtRpS.oA7%25260t%253dcJSA&amp;source=gmail&amp;ust=1637136416063000&amp;usg=AOvVaw1I_GnD69zjp4t6VpXaMNHV\">legge 21 maggio 2021 n. 69<\/a>, in vigore dal 22 maggio 2021) ha introdotto rilevanti novit\u00e0 per i consumatori&#8230;<\/p>\n<p><a href=\"it\/news-e-pubblicazioni\/news\/1037-viaggi-e-turismo-il-centro-europeo-consumatori-italia-pubblica-le-faq-sulle-novita-introdotte-dal-decreto-sostegni\" target=\"_blank\" rel=\"noopener\"><span style=\"font-size: 14pt; background-color: #ffcc00; color: #ffffff;\"><strong style=\"background-color: #ffcc00; color: #ffffff;\">&nbsp;&nbsp;LEGGI&nbsp;&nbsp;<\/strong><br \/>\n<\/span><\/a><\/p>\n<table style=\"width: 100%;\">\n<tbody>\n<tr>\n<td>\n<table style=\"width: 100%;\">\n<tbody>\n<tr>\n<td>&nbsp;<\/td>\n<\/tr>\n<\/tbody>\n<\/table>\n<\/td>\n<\/tr>\n<\/tbody>\n<\/table>\n<hr>\n<p><img decoding=\"async\" class=\" alignleft size-full wp-image-1970\" src=\"https:\/\/ecc-netitalia.it\/wp-content\/uploads\/anno_europeo.jpg\" alt=\"anno europeo\" width=\"435\" height=\"244\" style=\"margin-right: 20px; margin-bottom: 20px; float: left;\"><\/p>\n<p><strong><span style=\"font-size: 14pt;\"><strong><strong><strong><strong><strong><strong>ANNO&nbsp;<span class=\"il\">EUROPEO<\/span>&nbsp;DELLE FERROVIE: ANNUNCIATO L\u2019ITINERARIO DEL \u201cCONNECTING EUROPE EXPRESS\u201d, IL TRENO CHE ATTRAVERSA L\u2019<span class=\"il\">EUROPA<\/span><\/strong><\/strong><\/strong><\/strong><\/strong><\/strong><\/span><\/strong><\/p>\n<p>Il 2021 \u00e8 stato ufficialmente dichiarato \u201cAnno&nbsp;<span class=\"il\">europeo<\/span>&nbsp;delle ferrovie\u201d; con tale iniziativa, la Commissione europea ha inteso conferire, attraverso molteplici attivit\u00e0&#8230;<\/p>\n<p><a href=\"it\/news-e-pubblicazioni\/news\/1036-anno-europeo-delle-ferrovie-annunciato-l-itinerario-del-connecting-europe-express-il-treno-che-attraversa-l-europa\" target=\"_blank\" rel=\"noopener\"><span style=\"font-size: 14pt; color: #ffffff; background-color: #ffcc00;\"><strong style=\"color: #ffffff; background-color: #ffcc00;\">&nbsp;&nbsp;LEGGI&nbsp;&nbsp;<\/strong><br \/>\n<\/span><\/a><\/p>\n<p><strong><span style=\"font-size: 14pt;\"><strong>&nbsp;<\/strong><\/span><\/strong><\/p>\n<table style=\"width: 100%;\">\n<tbody>\n<tr>\n<td>\n<table style=\"width: 100%;\">\n<tbody>\n<tr>\n<td>&nbsp;<\/td>\n<\/tr>\n<\/tbody>\n<\/table>\n<\/td>\n<\/tr>\n<\/tbody>\n<\/table>\n<hr>\n<p><img loading=\"lazy\" decoding=\"async\" class=\" alignleft size-full wp-image-1971\" src=\"https:\/\/ecc-netitalia.it\/wp-content\/uploads\/easy.png\" alt=\"easy\" width=\"435\" height=\"310\" style=\"margin-right: 20px; margin-bottom: 20px; float: left;\"><\/p>\n<p><strong><span style=\"font-size: 14pt;\"><strong><strong><strong><strong><strong><strong>EASYJET, SANZIONE ANTITRUST DA 2,8 MILIONI: ECCO LE PRATICHE COMMERCIALI SCORRETTE ATTUATE DALLA COMPAGNIA<\/strong><\/strong><\/strong><\/strong><\/strong><\/strong><\/span><\/strong><\/p>\n<p>Nuovo intervento dell\u2019Autorit\u00e0 Garante della Concorrenza e del Mercato &nbsp;nel settore del trasporto aereo: stavolta nel centro del mirino \u00e8 la compagnia britannica EasyJet&#8230;<\/p>\n<p><a href=\"it\/news-e-pubblicazioni\/news\/1034-easyjet-sanzione-antitrust-da-2-8-milioni-ecco-le-pratiche-commerciali-scorrette-attuate-dalla-compagnia\" target=\"_blank\" rel=\"noopener\"><span style=\"font-size: 14pt; color: #ffffff; background-color: #ffcc00;\"><strong style=\"color: #ffffff; background-color: #ffcc00;\">&nbsp;&nbsp;LEGGI&nbsp;&nbsp;<\/strong><br \/>\n<\/span><\/a><\/p>\n<p>&nbsp;<\/p>\n<table style=\"width: 100%;\">\n<tbody>\n<tr>\n<td>\n<table style=\"width: 100%;\">\n<tbody>\n<tr>\n<td>&nbsp;<\/td>\n<\/tr>\n<\/tbody>\n<\/table>\n<\/td>\n<\/tr>\n<\/tbody>\n<\/table>\n<hr>\n<p><img loading=\"lazy\" decoding=\"async\" class=\" alignleft size-full wp-image-1972\" src=\"https:\/\/ecc-netitalia.it\/wp-content\/uploads\/in2021.png\" alt=\"in2021\" width=\"435\" height=\"229\" style=\"margin-right: 20px; margin-bottom: 20px; float: left;\"><\/p>\n<p><strong><span style=\"font-size: 14pt;\"><strong><strong><strong><strong><strong><strong>IL BUON PROPOSITO DI MAGGIO: \u201cMI IMPEGNER\u00d2 A RIDURRE L\u2019UTILIZZO DI PLASTICA MONOUSO\u201d<\/strong><\/strong><\/strong><\/strong><\/strong><\/strong><\/span><\/strong><\/p>\n<p>L\u2019estate \u00e8 alle porte e secondo alcuni dati<a href=\"https:\/\/customer33573.musvc2.net\/e\/t?q=A%3dMVJeM%26E%3dF%26L%3dOZHZ%269%3dUFcMa%260%3dFDM5Q_Bthx_M4_7yms_GD_Bthx_L9BUG.B1Q9EtZNH7C.wH2_Pkve_Zz47R_Bthx_L99SBB8K9-IxS-N-FxJ3H3G9u4p-y-FtXJH-xRuEx98B-w98G4-E34-5PyG4RuM4-Tu6pLJ8-pJ6-88RyK4-Q9E4-K3G4PuGE9-UhaAxTY%26B%3d7N8TwU.3CD%26B8%3deQUO\" target=\"_blank\" rel=\"noopener\" data-saferedirecturl=\"https:\/\/www.google.com\/url?q=https:\/\/customer33573.musvc2.net\/e\/t?q%3DA%253dMVJeM%2526E%253dF%2526L%253dOZHZ%25269%253dUFcMa%25260%253dFDM5Q_Bthx_M4_7yms_GD_Bthx_L9BUG.B1Q9EtZNH7C.wH2_Pkve_Zz47R_Bthx_L99SBB8K9-IxS-N-FxJ3H3G9u4p-y-FtXJH-xRuEx98B-w98G4-E34-5PyG4RuM4-Tu6pLJ8-pJ6-88RyK4-Q9E4-K3G4PuGE9-UhaAxTY%2526B%253d7N8TwU.3CD%2526B8%253deQUO&amp;source=gmail&amp;ust=1637136416064000&amp;usg=AOvVaw2ELY7ChvQ23M8xlS57OqXW\">&nbsp;recentemente pubblicati<\/a>, sono pi\u00f9 di 4 milioni e mezzo gli italiani che hanno gi\u00e0 prenotato le ferie estive; probabilmente le nostre regioni torneranno a popolarsi di turisti e ci\u00f2 rappresenta un importante segnale di ripresa per l\u2019intero comparto&#8230;<\/p>\n<p><a href=\"it\/news-e-pubblicazioni\/news\/1038-il-buon-proposito-di-maggio-mi-impegnero-a-ridurre-l-utilizzo-di-plastica-monouso\" target=\"_blank\" rel=\"noopener\"><span style=\"font-size: 14pt; color: #ffffff; background-color: #ffcc00;\"><strong style=\"color: #ffffff; background-color: #ffcc00;\">&nbsp;&nbsp;LEGGI&nbsp;&nbsp;<\/strong><br \/>\n<\/span><\/a><\/p>\n<p><strong><span style=\"font-size: 14pt;\"><strong>&nbsp;<\/strong><\/span><\/strong><\/p>\n<table style=\"width: 100%;\">\n<tbody>\n<tr>\n<td>&nbsp;<\/td>\n<\/tr>\n<\/tbody>\n<\/table>\n<hr>\n<p><img loading=\"lazy\" decoding=\"async\" class=\" alignleft size-full wp-image-1973\" src=\"https:\/\/ecc-netitalia.it\/wp-content\/uploads\/volo_vueling.png\" alt=\"volo vueling\" width=\"435\" height=\"310\" style=\"margin-right: 20px; margin-bottom: 20px; float: left;\"><\/p>\n<p><strong><span style=\"font-size: 14pt;\"><strong><strong><strong><strong><strong><strong><strong>VOLO VUELING CANCELLATO? ACCETTATI GLI IMPEGNI DELLA COMPAGNIA PER AGEVOLARE IL RIMBORSO MONETARIO<\/strong><\/strong><\/strong><\/strong><\/strong><\/strong><\/strong><\/span><\/strong><\/p>\n<p>Buona notizia per i passeggeri Vueling interessati da cancellazioni e disservizi: il vettore spagnolo, a seguito dell\u2019<a href=\"https:\/\/customer33573.musvc2.net\/e\/t?q=5%3d7TFY7%26C%3dB%26F%3d9XDT%26s%3dSBW7Y%266%3d0xK1K_vrdr_72_3sWq_C8_vrdr_678O1.6n5-r65Ax2wAe.05_JUta_Tj05_JUta_TjEpOw-6-1Mf3wAg2AAsEt_JUta_TjEpOw_IbuT_SqaAT-3QeElAv-6lK3ApL-fC67-t2yGv2x3-i-M67p0y9-w0-lD-v0x4sI4G-e-Jp9y05G-h6wD-mE57vMpFx3e2lF-lFx05JyJ5%266%3dqL4NgS.y7x%2604%3dYASK\" target=\"_blank\" rel=\"noopener\" data-saferedirecturl=\"https:\/\/www.google.com\/url?q=https:\/\/customer33573.musvc2.net\/e\/t?q%3D5%253d7TFY7%2526C%253dB%2526F%253d9XDT%2526s%253dSBW7Y%25266%253d0xK1K_vrdr_72_3sWq_C8_vrdr_678O1.6n5-r65Ax2wAe.05_JUta_Tj05_JUta_TjEpOw-6-1Mf3wAg2AAsEt_JUta_TjEpOw_IbuT_SqaAT-3QeElAv-6lK3ApL-fC67-t2yGv2x3-i-M67p0y9-w0-lD-v0x4sI4G-e-Jp9y05G-h6wD-mE57vMpFx3e2lF-lFx05JyJ5%25266%253dqL4NgS.y7x%252604%253dYASK&amp;source=gmail&amp;ust=1637136416064000&amp;usg=AOvVaw1c8LLT9dBiBB00iRTO7KHk\">apertura di un procedimento sub-cautelare<\/a>&nbsp;da parte dell\u2019Autorit\u00e0 Garante della Concorrenza e del Mercato&#8230;<\/p>\n<p><a href=\"it\/news-e-pubblicazioni\/news\/1035-volo-vueling-cancellato-accettati-gli-impegni-della-compagnia-per-agevolare-il-rimborso-monetario\" target=\"_blank\" rel=\"noopener\"><span style=\"font-size: 14pt; color: #ffffff; background-color: #ffcc00;\"><strong style=\"color: #ffffff; background-color: #ffcc00;\">&nbsp;&nbsp;LEGGI&nbsp;&nbsp;<\/strong><br \/>\n<\/span><\/a><\/p>\n<p><strong><span style=\"font-size: 14pt;\"><strong>&nbsp;<\/strong><\/span><\/strong><\/p>\n<p>&nbsp;<\/p>\n<table style=\"width: 100%;\">\n<tbody>\n<tr>\n<td>&nbsp;<\/td>\n<\/tr>\n<\/tbody>\n<\/table>\n<p>&nbsp;<\/p>\n","protected":false},"excerpt":{"rendered":"<p>ANTITRUST ANCORA SU CANCELLAZIONE VOLI \u201cCAUSA COVID\u201d: 4,2 MILIONI DI MULTA A RYANAIR La pandemia di Covid-19 e le restrizioni imposte a livello nazionale e internazionale hanno certamente obbligato le compagnie aeree a cancellare improvvisamente molte tratte&#8230; &nbsp;&nbsp;LEGGI&nbsp;&nbsp; &nbsp; &nbsp; &nbsp;VIAGGI E TURISMO: IL CENTRO&nbsp;EUROPEO&nbsp;CONSUMATORI ITALIA PUBBLICA LE FAQ SULLE NOVIT\u00c0 INTRODOTTE DAL DECRETO SOSTEGNI [&hellip;]<\/p>\n","protected":false},"author":2,"featured_media":1968,"comment_status":"open","ping_status":"open","sticky":false,"template":"","format":"standard","meta":{"footnotes":""},"categories":[27],"tags":[211],"class_list":["post-1974","post","type-post","status-publish","format-standard","has-post-thumbnail","hentry","category-newsletter","tag-newsletter-2021"],"_links":{"self":[{"href":"https:\/\/ecc-netitalia.it\/it\/wp-json\/wp\/v2\/posts\/1974","targetHints":{"allow":["GET"]}}],"collection":[{"href":"https:\/\/ecc-netitalia.it\/it\/wp-json\/wp\/v2\/posts"}],"about":[{"href":"https:\/\/ecc-netitalia.it\/it\/wp-json\/wp\/v2\/types\/post"}],"author":[{"embeddable":true,"href":"https:\/\/ecc-netitalia.it\/it\/wp-json\/wp\/v2\/users\/2"}],"replies":[{"embeddable":true,"href":"https:\/\/ecc-netitalia.it\/it\/wp-json\/wp\/v2\/comments?post=1974"}],"version-history":[{"count":1,"href":"https:\/\/ecc-netitalia.it\/it\/wp-json\/wp\/v2\/posts\/1974\/revisions"}],"predecessor-version":[{"id":4045,"href":"https:\/\/ecc-netitalia.it\/it\/wp-json\/wp\/v2\/posts\/1974\/revisions\/4045"}],"wp:featuredmedia":[{"embeddable":true,"href":"https:\/\/ecc-netitalia.it\/it\/wp-json\/wp\/v2\/media\/1968"}],"wp:attachment":[{"href":"https:\/\/ecc-netitalia.it\/it\/wp-json\/wp\/v2\/media?parent=1974"}],"wp:term":[{"taxonomy":"category","embeddable":true,"href":"https:\/\/ecc-netitalia.it\/it\/wp-json\/wp\/v2\/categories?post=1974"},{"taxonomy":"post_tag","embeddable":true,"href":"https:\/\/ecc-netitalia.it\/it\/wp-json\/wp\/v2\/tags?post=1974"}],"curies":[{"name":"wp","href":"https:\/\/api.w.org\/{rel}","templated":true}]}}