{"id":3804,"date":"2022-05-09T17:34:00","date_gmt":"2022-05-09T15:34:00","guid":{"rendered":"https:\/\/ecc-netitalia.it\/?p=3804"},"modified":"2022-11-07T17:35:48","modified_gmt":"2022-11-07T16:35:48","slug":"settantesimo-anniversario-della-giornata-delleuropa-2022","status":"publish","type":"post","link":"https:\/\/ecc-netitalia.it\/it\/news\/settantesimo-anniversario-della-giornata-delleuropa-2022\/","title":{"rendered":"Settantesimo anniversario della &#8220;Giornata dell&#8217;Europa&#8221; 2022"},"content":{"rendered":"\n<p>Ricorre oggi il settantesimo anniversario della \u201c<a href=\"https:\/\/european-union.europa.eu\/principles-countries-history\/history-eu\/1945-59\/schuman-declaration-may-1950_it\" target=\"_blank\" rel=\"noreferrer noopener\">Dichiarazione Schuman<\/a>&#8220;, la storica proposta di Robert Schuman, ministro degli esteri francese che, il 9 maggio 1950, poneva la firma per la nascitura Comunit\u00e0 europea del carbone e dell&#8217;acciaio (CECA), organizzazione sovranazionale che riuniva alcuni paesi europei che solo qualche anno prima erano in guerra fra loro. Fu una scelta coraggiosa ed un\u2019intuizione visionaria, perch\u00e9 non solo rafforz\u00f2 la collaborazione fra le nazioni europee, ma apr\u00ec la strada, negli anni e nei decenni futuri, a trattati sovranazionali sempre pi\u00f9 stretti e profondi, che poi sfoceranno nell\u2019attuale Unione Europea.<\/p>\n\n\n\n<p>Si \u00e8 trattato di un percorso complesso, frutto del lavoro, della tenacia e dell\u2019intelligenza di pi\u00f9 di una generazione di europei. Ed il risultato finale, ossia l\u2019attuale assetto, non era cos\u00ec scontato come forse oggi si potrebbe supporre. Ricordiamo che buona parte del processo di aggregazione \u00e8 avvenuto durante la \u201cguerra fredda\u201d, ossia in un clima di tensione e sospetto. Successivamente alla riunificazione tedesca, si \u00e8 intrapreso l\u2019ambizioso progetto della moneta unica, l\u2019euro, culminato poi, agli inizi di questo secolo, con il successo: l\u2019adozione di una nuova moneta per il vecchio continente. Non ci si fa molto caso, ma sono ormai vent\u2019anni che l\u2019euro circola fra le nostre mani, riuscendo efficacemente a svolgere la sua funzione di \u201ccollante economico\u201d anche per i consumatori. Difatti, non solo si \u00e8 potuto godere di un universale strumento per gli scambi, ma anche di solida tesaurizzazione della propria capacit\u00e0 di spesa. L\u2019euro, infatti, in questi due decenni ha svalutato molto meno rispetto a quanto, ad esempio, avrebbe fatto la lira.<\/p>\n\n\n\n<p>Infine, l\u2019Unione si \u00e8 allargata ad Est, incorporando i paesi richiedenti appartenenti al tramontato \u201cPatto di Varsavia\u201d, raggiungendo cos\u00ec, dopo secoli di guerre e antagonismi, la pi\u00f9 vasta compagine sovranazionale di pace e prosperit\u00e0 mai esistita nel vecchio continente.<\/p>\n\n\n\n<p>Inoltre, di pari passo alla formazione delle Comunit\u00e0, si sono sviluppate le relative istituzioni dedicate ai consumatori, cresciuti esponenzialmente di numero man mano che la costituenda Unione si arricchiva dell\u2019adesione di un nuovo paese: oggi, il mercato europeo si aggira su una platea di oltre 447 milioni di utenti!<\/p>\n\n\n\n<p>Quanto raggiunto fino ad oggi rappresenta un percorso aperto, non statico e men che mai concluso: sono molte le responsabilit\u00e0 di oggi, come anche quelle che si delineano all\u2019orizzonte.&nbsp; Innanzitutto, il confronto con il dramma della guerra che si sta consumando davanti alle porte di casa, con esiti tutt\u2019altro che scontati. E poi, il ruolo che l\u2019UE dovr\u00e0 avere in sfide sempre pi\u00f9 impegnative con le altre nazioni leader del mondo, nel corso di questa prima parte di XXI\u00b0 secolo. Infine, la scommessa, la pi\u00f9 importante di tutte, per il futuro di tutti noi: la preservazione ed il ripristino dell\u2019Ambiente.&nbsp;<\/p>\n","protected":false},"excerpt":{"rendered":"<p>Ricorre oggi il settantesimo anniversario della \u201cDichiarazione Schuman&#8220;, la storica proposta di Robert Schuman, ministro degli esteri francese che, il 9 maggio 1950, poneva la firma per la nascitura Comunit\u00e0 europea del carbone e dell&#8217;acciaio (CECA), organizzazione sovranazionale che riuniva alcuni paesi europei che solo qualche anno prima erano in guerra fra loro. Fu una [&hellip;]<\/p>\n","protected":false},"author":2,"featured_media":3805,"comment_status":"open","ping_status":"open","sticky":false,"template":"","format":"standard","meta":{"footnotes":""},"categories":[17],"tags":[],"class_list":["post-3804","post","type-post","status-publish","format-standard","has-post-thumbnail","hentry","category-news"],"_links":{"self":[{"href":"https:\/\/ecc-netitalia.it\/it\/wp-json\/wp\/v2\/posts\/3804","targetHints":{"allow":["GET"]}}],"collection":[{"href":"https:\/\/ecc-netitalia.it\/it\/wp-json\/wp\/v2\/posts"}],"about":[{"href":"https:\/\/ecc-netitalia.it\/it\/wp-json\/wp\/v2\/types\/post"}],"author":[{"embeddable":true,"href":"https:\/\/ecc-netitalia.it\/it\/wp-json\/wp\/v2\/users\/2"}],"replies":[{"embeddable":true,"href":"https:\/\/ecc-netitalia.it\/it\/wp-json\/wp\/v2\/comments?post=3804"}],"version-history":[{"count":1,"href":"https:\/\/ecc-netitalia.it\/it\/wp-json\/wp\/v2\/posts\/3804\/revisions"}],"predecessor-version":[{"id":3807,"href":"https:\/\/ecc-netitalia.it\/it\/wp-json\/wp\/v2\/posts\/3804\/revisions\/3807"}],"wp:featuredmedia":[{"embeddable":true,"href":"https:\/\/ecc-netitalia.it\/it\/wp-json\/wp\/v2\/media\/3805"}],"wp:attachment":[{"href":"https:\/\/ecc-netitalia.it\/it\/wp-json\/wp\/v2\/media?parent=3804"}],"wp:term":[{"taxonomy":"category","embeddable":true,"href":"https:\/\/ecc-netitalia.it\/it\/wp-json\/wp\/v2\/categories?post=3804"},{"taxonomy":"post_tag","embeddable":true,"href":"https:\/\/ecc-netitalia.it\/it\/wp-json\/wp\/v2\/tags?post=3804"}],"curies":[{"name":"wp","href":"https:\/\/api.w.org\/{rel}","templated":true}]}}