{"id":6063,"date":"2024-01-12T10:41:33","date_gmt":"2024-01-12T09:41:33","guid":{"rendered":"https:\/\/ecc-netitalia.it\/?p=6063"},"modified":"2024-01-17T09:46:10","modified_gmt":"2024-01-17T08:46:10","slug":"settimana-bianca-allestero-in-valigia-metti-anche-i-tuoi-diritti-e-alcuni-consigli","status":"publish","type":"post","link":"https:\/\/ecc-netitalia.it\/it\/news\/settimana-bianca-allestero-in-valigia-metti-anche-i-tuoi-diritti-e-alcuni-consigli\/","title":{"rendered":"Settimana bianca all\u2019estero: in valigia metti anche i tuoi diritti e alcuni consigli!"},"content":{"rendered":"<p style=\"text-align: justify;\">Tra gennaio e febbraio, fino alla fine della stagione invernale, saranno in molti a partire per la\u00a0<strong>settimana bianca<\/strong>, sia in Italia che all\u2019estero, per godersi le piste e gli sport invernali. Non bisogna, tuttavia, dimenticarsi che gli\u00a0<strong>imprevisti<\/strong>\u00a0possono essere sempre dietro l\u2019angolo e che, a volte, possono comportare degli\u00a0<strong>esborsi<\/strong>\u00a0impegnativi.<\/p>\n<p style=\"text-align: justify;\">\u00c8 il caso di Marta, cittadina italiana che ha deciso di andare a sciare in Francia. Purtroppo, si \u00e8 infortunata al ginocchio cadendo dagli scii ed \u00e8 stata soccorsa dall\u2019elicottero per essere trasporta in ospedale. Al rientro forzato a casa, si \u00e8 vista recapitare una richiesta di pagamento, emessa dall\u2019azienda che aveva provveduto al suo soccorso con elicottero, trattandosi di servizio non coperto dalla\u00a0<strong>t<a href=\"it\/news-e-pubblicazioni\/pubblicazioni\" target=\"_blank\" rel=\"noopener\">essera europea di assicurazione malattia (TEAM)\u00a0<\/a><\/strong>con cui Marta \u00e8 partita per la Francia.<\/p>\n<p style=\"text-align: justify;\">La TEAM, infatti, d\u00e0 diritto alle cure sanitarie necessarie durante il soggiorno temporaneo in uno dei 27 paesi dell&#8217;UE, alle stesse condizioni riservate ai residenti nel Paese nel quale si \u00e8 in viaggio: in altre parole, se le cure mediche sono gratuite per i residenti locali lo saranno anche per i cittadini degli altri Stati membri. Pertanto, \u00e8 sempre bene portare con s\u00e9 la TEAM, ma \u00e8 importante sapere che essa non copre tutti i costi per spese sanitarie in cui possiamo imbatterci. Ad esempio, se si vuole richiedere un trasporto sanitario nel proprio Paese in caso di grave incidente durante il soggiorno in un altro Paese dell&#8217;UE, \u00e8 necessaria una copertura assicurativa specifica. La TEAM, infatti, non sostituisce l&#8217;assicurazione di viaggio e, pertanto, \u00e8 consigliabile sottoscrivere una polizza viaggio; questo perch\u00e9 solo alcuni paesi sostengono per intero le spese per le cure mediche e una malattia o un incidente all\u2019estero possono comportare spese supplementari, come nel caso di Marta.<\/p>\n<p style=\"text-align: justify;\">Prima della partenza per una vacanza sulla neve in un Paese dell&#8217;UE o extra UE \u00e8 fondamentale\u00a0<strong>verificare<\/strong>\u00a0se si ha gi\u00e0 sottoscritto un\u2019assicurazione in caso di incidente sulla pista, ad esempio attraverso una polizza collegata alla propria carta di credito o alla quota associativa di una organizzazione di soccorso, sportiva o del tempo libero. \u00c8 sempre meglio sottoscrivere l&#8217;assicurazione prima della partenza per garantire una copertura immediata poich\u00e9 alcune polizze potrebbero richiedere un certo periodo di tempo prima di diventare attive. Inoltre, si consiglia sempre di\u00a0<strong>confrontare<\/strong>\u00a0le alternative delle compagnie assicurative per trovare la polizza pi\u00f9 conveniente e adatta alle proprie esigenze. \u00c8, altres\u00ec, importante\u00a0<strong>prestare attenzione<\/strong>\u00a0ai dettagli della copertura, inclusi i limiti massimi di spesa ecc&#8230; Una volta sottoscritta l&#8217;assicurazione, \u00e8 fondamentale\u00a0<strong>conservare\u00a0<\/strong>tutti i documenti pertinenti, inclusi i numeri di telefono dell&#8217;assistenza e le istruzioni le richieste di eventuali rimborsi. \u00c8 altrettanto utile sapere che in alcuni comprensori sciistici \u00e8 possibile acquistare, assieme allo skipass, un\u2019apposita assicurazione.<\/p>\n<p style=\"text-align: justify;\">Ma gli imprevisti possono riguardare anche la\u00a0<strong>richiesta di sovrapprezzi<\/strong>\u00a0di cui al momento della prenotazione non eravamo stati informati. \u00c8 il caso di una famigliola italiana che ha prenotato un pacchetto turistico per trascorrere una settimana in una localit\u00e0 sciistica tedesca attraverso un portale tedesco e che, giunta a destinazione, si \u00e8 vista richiedere un sovrapprezzo perch\u00e9 l\u2019offerta acquistata era riservata ai soli cittadini tedeschi. Tale richiesta \u00e8 stata, tuttavia illegittima in quanto le discriminazioni basate sulla residenza o la cittadinanza sono vietate gi\u00e0 dal 2010 quando \u00e8 entrata in vigore la\u00a0<a href=\"https:\/\/eur-lex.europa.eu\/LexUriServ\/LexUriServ.do?uri=OJ:L:2006:376:0036:0068:it:PDF\" target=\"_blank\" rel=\"noopener\"><strong>Direttiva 2006\/123\/CE<\/strong>\u00a0<\/a>relativa ai servizi nel mercato interno, meglio conosciuta come direttiva servizi. La direttiva, infatti, \u00e8 stata adottata con lo scopo di agevolare l\u2019accesso, per imprese e cittadini ai servizi all\u2019interno del mercato unico, rimuovendone gli ostacoli attraverso la semplificazione delle procedure amministrative per i prestatori di servizi, il riconoscimento di determinati diritti ai consumatori e alle imprese che forniscono o accedono a determinati servizi nell\u2019UE. Tra le altre, si \u00e8 introdotto il principio di non discriminazione in forza del quale le condizioni generali di accesso ad un servizio che il prestatore mette a disposizione dei consumatori non devono contenere condizioni discriminatorie basate sulla nazionalit\u00e0 o sul luogo di residenza degli stessi salvo che non intervengano fattori oggettivi come, per esempio, le diverse condizioni di mercato come una domanda maggiore o minore influenzata dalla stagionalit\u00e0.<\/p>\n","protected":false},"excerpt":{"rendered":"<p>Tra gennaio e febbraio, fino alla fine della stagione invernale, saranno in molti a partire per la\u00a0settimana bianca, sia in Italia che all\u2019estero, per godersi le piste e gli sport invernali. Non bisogna, tuttavia, dimenticarsi che gli\u00a0imprevisti\u00a0possono essere sempre dietro l\u2019angolo e che, a volte, possono comportare degli\u00a0esborsi\u00a0impegnativi. \u00c8 il caso di Marta, cittadina italiana [&hellip;]<\/p>\n","protected":false},"author":2,"featured_media":6064,"comment_status":"open","ping_status":"open","sticky":false,"template":"","format":"standard","meta":{"footnotes":""},"categories":[17],"tags":[],"class_list":["post-6063","post","type-post","status-publish","format-standard","has-post-thumbnail","hentry","category-news"],"_links":{"self":[{"href":"https:\/\/ecc-netitalia.it\/it\/wp-json\/wp\/v2\/posts\/6063","targetHints":{"allow":["GET"]}}],"collection":[{"href":"https:\/\/ecc-netitalia.it\/it\/wp-json\/wp\/v2\/posts"}],"about":[{"href":"https:\/\/ecc-netitalia.it\/it\/wp-json\/wp\/v2\/types\/post"}],"author":[{"embeddable":true,"href":"https:\/\/ecc-netitalia.it\/it\/wp-json\/wp\/v2\/users\/2"}],"replies":[{"embeddable":true,"href":"https:\/\/ecc-netitalia.it\/it\/wp-json\/wp\/v2\/comments?post=6063"}],"version-history":[{"count":1,"href":"https:\/\/ecc-netitalia.it\/it\/wp-json\/wp\/v2\/posts\/6063\/revisions"}],"predecessor-version":[{"id":6066,"href":"https:\/\/ecc-netitalia.it\/it\/wp-json\/wp\/v2\/posts\/6063\/revisions\/6066"}],"wp:featuredmedia":[{"embeddable":true,"href":"https:\/\/ecc-netitalia.it\/it\/wp-json\/wp\/v2\/media\/6064"}],"wp:attachment":[{"href":"https:\/\/ecc-netitalia.it\/it\/wp-json\/wp\/v2\/media?parent=6063"}],"wp:term":[{"taxonomy":"category","embeddable":true,"href":"https:\/\/ecc-netitalia.it\/it\/wp-json\/wp\/v2\/categories?post=6063"},{"taxonomy":"post_tag","embeddable":true,"href":"https:\/\/ecc-netitalia.it\/it\/wp-json\/wp\/v2\/tags?post=6063"}],"curies":[{"name":"wp","href":"https:\/\/api.w.org\/{rel}","templated":true}]}}