{"id":9023,"date":"2024-09-18T14:35:04","date_gmt":"2024-09-18T12:35:04","guid":{"rendered":"https:\/\/ecc-netitalia.it\/?p=9023"},"modified":"2024-09-18T14:35:06","modified_gmt":"2024-09-18T12:35:06","slug":"settimanaeuropeadellamobilitasettimana-europea-della-mobilita-soluzioni-di-trasporto-piu-sostenibili-per-citta-piu-vivibili","status":"publish","type":"post","link":"https:\/\/ecc-netitalia.it\/it\/news\/settimanaeuropeadellamobilitasettimana-europea-della-mobilita-soluzioni-di-trasporto-piu-sostenibili-per-citta-piu-vivibili\/","title":{"rendered":"Settimana Europea della Mobilit\u00e0: soluzioni di trasporto pi\u00f9 sostenibili per citt\u00e0 pi\u00f9 vivibili"},"content":{"rendered":"\n<p>Luned\u00ec 16 settembre \u00e8 iniziata la <strong><a href=\"https:\/\/italy.representation.ec.europa.eu\/notizie-ed-eventi\/notizie\/al-la-settimana-europea-della-mobilita-spazi-pubblici-condivisi-una-mobilita-urbana-sostenibile-e-2024-09-16_it\" rel=\"noopener\">Settimana Europea della Mobilit\u00e0<\/a><\/strong>, l&#8217;iniziativa di punta della <strong>Commissione europea<\/strong> per promuovere la <strong>mobilit\u00e0 urbana sostenibile<\/strong>. L&#8217;obiettivo? Sensibilizzare le persone e incoraggiare comportamenti che favoriscano la mobilit\u00e0 attiva, l&#8217;uso dei trasporti pubblici e soluzioni di trasporto pi\u00f9 ecologiche e intelligenti.<\/p>\n\n\n\n<p>Dal 16 al 22 settembre, oltre 3.000 comuni in tutta Europa partecipano alla campagna di quest&#8217;anno, che ha come tema centrale &#8220;<strong>la condivisione degli spazi pubblici<\/strong>&#8220;. Durante la settimana, le amministrazioni locali sono invitate a sperimentare nuove idee di pianificazione urbana, promuovere infrastrutture e tecnologie innovative, monitorare la qualit\u00e0 dell&#8217;aria e raccogliere il feedback dei cittadini. <\/p>\n\n\n\n<p>L\u2019obiettivo \u00e8 mettere in luce i benefici di una gestione pi\u00f9 equilibrata dello spazio stradale e incentivare un maggior rispetto tra gli utenti della strada. Le attivit\u00e0 della settimana includono, ad esempio, giornate senza auto, tour in bicicletta e persino la trasformazione dei parcheggi in aree verdi temporanee. Il messaggio \u00e8 chiaro: cambiare abitudini a favore di una <strong>mobilit\u00e0 pi\u00f9 attiva, sostenibile e rispettosa dell&#8217;ambiente<\/strong> non \u00e8 solo possibile, ma porta vantaggi per tutti.<\/p>\n\n\n\n<p><strong>Cosa si intende per mobilit\u00e0 sostenibile?<\/strong><\/p>\n\n\n\n<p>La mobilit\u00e0 urbana sostenibile rappresenta un nuovo modo di pensare agli spostamenti in citt\u00e0, puntando a ridurre l&#8217;<strong>impatto ambientale, migliorare la qualit\u00e0 della vita e rendere il trasporto accessibile<\/strong> a tutti. Al centro ci sono soluzioni ecologiche come i trasporti pubblici elettrici, le biciclette, i veicoli condivisi e le tecnologie intelligenti per gestire meglio il traffico. L&#8217;obiettivo \u00e8 creare citt\u00e0 pi\u00f9 vivibili, tagliando l&#8217;inquinamento e la congestione, promuovendo al contempo uno stile di vita pi\u00f9 sano e spostamenti pi\u00f9 efficienti. Misure come le zone a traffico limitato, le piste ciclabili e l&#8217;uso di veicoli elettrici sono solo alcuni degli elementi chiave per una mobilit\u00e0 pi\u00f9 sostenibile. <\/p>\n\n\n\n<p>Si tratta di ripensare i nostri spostamenti in modo che possano ridurre non solo l&#8217;inquinamento atmosferico e le emissioni di gas serra, ma anche il rumore, la congestione del traffico, gli incidenti e il degrado urbano, spesso causato dalla presenza massiccia di veicoli privati. Inoltre, meno strade e infrastrutture significa anche meno consumo di territorio e, non da meno, una riduzione dei costi legati agli spostamenti, sia per i singoli cittadini che per l&#8217;intera comunit\u00e0. La mobilit\u00e0 sostenibile \u00e8 una priorit\u00e0 per il futuro del nostro pianeta. Spostarsi in modo pi\u00f9 intelligente e rispettoso dell&#8217;ambiente non \u00e8 pi\u00f9 un&#8217;opzione, ma una necessit\u00e0. Tuttavia, il cambiamento non pu\u00f2 limitarsi solo ai mezzi di trasporto che utilizziamo: deve coinvolgere anche il nostro modo di vedere e vivere la mobilit\u00e0. Per essere davvero efficace, questa trasformazione deve essere anche conveniente dal punto di vista economico e sociale, oltre che ambientale. Solo trovando soluzioni che rispondano ai bisogni di tutti e offrano vantaggi concreti potremo raggiungere un cambiamento duraturo e giusto.<\/p>\n\n\n\n<p><strong>La bicicletta: una delle modalit\u00e0 di trasporto pi\u00f9 sostenibili, accessibili, salutari e inclusive<\/strong><\/p>\n\n\n\n<p>La scelta del mezzo di trasporto ha un impatto enorme sull\u2019ambiente, e alcune opzioni sono decisamente pi\u00f9 sostenibili di altre. Ad esempio, treni e autobus sono molto pi\u00f9 ecologici rispetto all\u2019uso dell\u2019auto privata. Anche condividere un veicolo, tramite servizi di carpooling o car sharing, riduce il numero di auto in circolazione, diminuendo l\u2019impatto ambientale per passeggero. Ma tra le <strong>opzioni pi\u00f9 sostenibili<\/strong> a livello individuale, spicca sicuramente <strong>la bicicletta<\/strong>. In molte grandi citt\u00e0, tuttavia, pedalare viene spesso percepito come pericoloso o poco pratico da tanti residenti. Questo \u00e8 cambiato in modo significativo con l\u2019arrivo della pandemia di Covid-19. Le strade si sono svuotate di traffico veicolare e molti hanno riscoperto la bicicletta, approfittando delle vie urbane pi\u00f9 tranquille e sicure. Interi quartieri, prima invasi da auto, taxi e autobus, sono diventati il regno di ciclisti, grazie anche agli investimenti massicci di diverse citt\u00e0 europee.<\/p>\n\n\n\n<p><strong>Bruxelles, Parigi e Milano<\/strong> sono solo tre esempi di citt\u00e0 che hanno vissuto una vera rinascita del ciclismo nel 2020. Milano, in particolare, ha fissato un obiettivo ambizioso: far salire la quota di spostamenti in bicicletta al 20% entro il 2035. Per arrivarci, ha messo sul piatto 225 milioni di euro per il piano &#8220;Cambio&#8221;, un progetto di mobilit\u00e0 ciclabile che prevede la creazione di 750 km di piste ciclabili principali, collegando il capoluogo con i 133 comuni della sua area metropolitana. Per incentivare un aumento dell&#8217;uso della bicicletta e una transizione modale lontano dal trasporto automobilistico, ai ciclisti di queste citt\u00e0 \u00e8 stato offerto un pacchetto di misure che include infrastrutture ciclabili efficienti, interventi per calmare il traffico e restrizioni sul transito motorizzato nei centri urbani o nei quartieri residenziali. Ogni citt\u00e0 ha adottato un approccio personalizzato, ma il principio \u00e8 comune: limitare l&#8217;uso delle auto e trovare soluzioni innovative per garantire sicurezza e accessibilit\u00e0 ai ciclisti.<\/p>\n\n\n\n<p>I <strong>benefici <\/strong>di questa transizione dalla macchina alla bici sono evidenti: aria pi\u00f9 pulita, meno traffico e cittadini pi\u00f9 sani. Tutti questi aspetti sono stati sottolineati nella <a href=\"https:\/\/eur-lex.europa.eu\/legal-content\/IT\/TXT\/PDF\/?uri=CELEX:32024C02377\" rel=\"noopener\"><strong>Dichiarazione Europea sul Ciclismo<\/strong><\/a>, adottata dalla Commissione Europea il 4 ottobre 2023. Il ciclismo viene descritto come uno dei mezzi di trasporto pi\u00f9 sostenibili, inclusivi e salutari, con un ruolo cruciale nel raggiungere gli obiettivi di decarbonizzazione dell\u2019UE e un valore aggiunto per l\u2019economia europea. L\u2019adozione di questa Dichiarazione rappresenta un momento chiave per il futuro della mobilit\u00e0 ciclabile nell&#8217;UE. Gli Stati membri, insieme alle autorit\u00e0 locali e regionali, saranno fondamentali nel ripensare la mobilit\u00e0 urbana e trasformare gli spazi pubblici in linea con questi impegni. Il Parlamento Europeo e il Consiglio continueranno a supportare la Dichiarazione e aggiorneranno periodicamente i contenuti, aggiungendo nuovi obiettivi e iniziative quando necessario.<\/p>\n\n\n\n<p>In breve, il ciclismo sta diventando una vera e propria chiave di volta per citt\u00e0 pi\u00f9 sostenibili e vivibili in tutta Europa, e questa crescente attenzione si riflette anche nelle normative europee. Spazio alle biciclette \u00e8 garantito dal <strong><a href=\"https:\/\/ecc-netitalia.it\/it\/pubblicazioni\/pubblicazioni-trasporti\/diritti-dei-passeggeri-nel-trasporto-ferroviario\/\">Regolamento UE 2021\/782<\/a><\/strong> in merito ai <strong>diritti dei passeggeri nel trasporto ferroviario<\/strong>, che riconosce ai passeggeri il <strong>diritto di portare a bordo le proprie biciclette<\/strong> pagando un corrispettivo ragionevole, previa prenotazione, se previsto dalla tipologia di treno su cui si viaggia. In caso di indisponibilit\u00e0 di posti per biciclette, i passeggeri possono comunque portarle a bordo, assicurandosi di non creare problemi agli altri viaggiatori o intralciare le operazioni ferroviarie. Inoltre, se un passeggero, pur avendo una prenotazione valida, non riesce a imbarcare la propria bici, ha diritto al rimborso del biglietto, a un viaggio alternativo, all&#8217;assistenza e a un indennizzo, simile ai diritti riconosciuti in caso di ritardo o cancellazione del servizio, se il rifiuto non \u00e8 giustificato.<\/p>\n","protected":false},"excerpt":{"rendered":"<p>Luned\u00ec 16 settembre \u00e8 iniziata la Settimana Europea della Mobilit\u00e0, l&#8217;iniziativa di punta della Commissione europea per promuovere la mobilit\u00e0 urbana sostenibile. L&#8217;obiettivo? Sensibilizzare le persone e incoraggiare comportamenti che favoriscano la mobilit\u00e0 attiva, l&#8217;uso dei trasporti pubblici e soluzioni di trasporto pi\u00f9 ecologiche e intelligenti. <\/p>\n","protected":false},"author":6,"featured_media":9024,"comment_status":"open","ping_status":"open","sticky":false,"template":"","format":"standard","meta":{"footnotes":""},"categories":[17],"tags":[339],"class_list":["post-9023","post","type-post","status-publish","format-standard","has-post-thumbnail","hentry","category-news","tag-sostenibilita"],"_links":{"self":[{"href":"https:\/\/ecc-netitalia.it\/it\/wp-json\/wp\/v2\/posts\/9023","targetHints":{"allow":["GET"]}}],"collection":[{"href":"https:\/\/ecc-netitalia.it\/it\/wp-json\/wp\/v2\/posts"}],"about":[{"href":"https:\/\/ecc-netitalia.it\/it\/wp-json\/wp\/v2\/types\/post"}],"author":[{"embeddable":true,"href":"https:\/\/ecc-netitalia.it\/it\/wp-json\/wp\/v2\/users\/6"}],"replies":[{"embeddable":true,"href":"https:\/\/ecc-netitalia.it\/it\/wp-json\/wp\/v2\/comments?post=9023"}],"version-history":[{"count":1,"href":"https:\/\/ecc-netitalia.it\/it\/wp-json\/wp\/v2\/posts\/9023\/revisions"}],"predecessor-version":[{"id":9026,"href":"https:\/\/ecc-netitalia.it\/it\/wp-json\/wp\/v2\/posts\/9023\/revisions\/9026"}],"wp:featuredmedia":[{"embeddable":true,"href":"https:\/\/ecc-netitalia.it\/it\/wp-json\/wp\/v2\/media\/9024"}],"wp:attachment":[{"href":"https:\/\/ecc-netitalia.it\/it\/wp-json\/wp\/v2\/media?parent=9023"}],"wp:term":[{"taxonomy":"category","embeddable":true,"href":"https:\/\/ecc-netitalia.it\/it\/wp-json\/wp\/v2\/categories?post=9023"},{"taxonomy":"post_tag","embeddable":true,"href":"https:\/\/ecc-netitalia.it\/it\/wp-json\/wp\/v2\/tags?post=9023"}],"curies":[{"name":"wp","href":"https:\/\/api.w.org\/{rel}","templated":true}]}}